{"id":1117,"date":"2016-09-01T12:24:37","date_gmt":"2016-09-01T16:24:37","guid":{"rendered":"http:\/\/www.emater.ro.gov.br\/ematerro\/?p=1117"},"modified":"2016-09-02T08:50:18","modified_gmt":"2016-09-02T12:50:18","slug":"emater-ro-participa-da-abertura-da-semana-da-patria","status":"publish","type":"post","link":"http:\/\/www.emater.ro.gov.br\/ematerro\/2016\/09\/01\/emater-ro-participa-da-abertura-da-semana-da-patria\/","title":{"rendered":"Emater-RO participa da abertura da Semana da P\u00e1tria"},"content":{"rendered":"<p>As atividades em comemora\u00e7\u00e3o a Semana da P\u00e1tria teve in\u00edcio nesta quinta-feira (1) com uma solenidade oficial realizada no p\u00e1tio do pal\u00e1cio Rio Madeira. Com a presen\u00e7a do governador interino, Daniel Pereira, o ato reuniu as for\u00e7as armadas do estado, autoridades e funcion\u00e1rios p\u00fablicos para hasteamento das bandeiras e acendimento da pira que marcou a abertura ofical da Semana da P\u00e1tria. A Emater foi representada pelo vice-presidente, Marcio Andr\u00e9 Milani.<\/p>\n<figure id=\"attachment_1119\" aria-describedby=\"caption-attachment-1119\" style=\"width: 495px\" class=\"wp-caption alignleft\"><img decoding=\"async\" loading=\"lazy\" class=\"wp-image-1119 \" src=\"http:\/\/www.emater.ro.gov.br\/ematerro\/wp-content\/uploads\/2016\/09\/Emater-RO-participa-da-abertura-da-Semana-da-Patria_002-ROBSON-PAIVA-300x188.jpg\" alt=\"Presen\u00e7a de autoridades e funcion\u00e1rios p\u00fablicos.\" width=\"495\" height=\"310\" srcset=\"http:\/\/www.emater.ro.gov.br\/ematerro\/wp-content\/uploads\/2016\/09\/Emater-RO-participa-da-abertura-da-Semana-da-Patria_002-ROBSON-PAIVA-300x188.jpg 300w, http:\/\/www.emater.ro.gov.br\/ematerro\/wp-content\/uploads\/2016\/09\/Emater-RO-participa-da-abertura-da-Semana-da-Patria_002-ROBSON-PAIVA-768x480.jpg 768w, http:\/\/www.emater.ro.gov.br\/ematerro\/wp-content\/uploads\/2016\/09\/Emater-RO-participa-da-abertura-da-Semana-da-Patria_002-ROBSON-PAIVA-1024x640.jpg 1024w\" sizes=\"(max-width: 495px) 100vw, 495px\" \/><figcaption id=\"caption-attachment-1119\" class=\"wp-caption-text\">Presen\u00e7a de autoridades e funcion\u00e1rios p\u00fablicos.<\/figcaption><\/figure>\n<p>As atividades da Semana da P\u00e1tria para este ano vem com o slogam \u201cuma festa tamanho fam\u00edlia\u201d chamando a na\u00e7\u00e3o e o estado de Rond\u00f4nia a fazer parte desta grande fam\u00edlia que s\u00e3o os brasileiros. A abertura oficial deu-se com a apresenta\u00e7\u00e3o da banda das policias militares que entoou o hino nacional, hino de Rond\u00f4nia, hino da independ\u00eancia e outras marchas.<\/p>\n<p>As autoridades presentes foram convidadas para o hasteamento das bandeiras de todos os estados federa\u00e7\u00e3o, do munic\u00edpio de Porto Velho e da bandeira nacional. O presidente da Emater-RO, Marcio Andr\u00e9 Milani, teve a honra de hastear a bandeira do Paran\u00e1.<\/p>\n<figure id=\"attachment_1122\" aria-describedby=\"caption-attachment-1122\" style=\"width: 240px\" class=\"wp-caption alignright\"><img decoding=\"async\" loading=\"lazy\" class=\"wp-image-1122 size-medium\" src=\"http:\/\/www.emater.ro.gov.br\/ematerro\/wp-content\/uploads\/2016\/09\/Emater-RO-participa-da-abertura-da-Semana-da-Patria_001-ROBSON-PAIVA-240x300.jpg\" alt=\"O vice-presidente, Marcio Milani representou a EMATER-RO.\" width=\"240\" height=\"300\" srcset=\"http:\/\/www.emater.ro.gov.br\/ematerro\/wp-content\/uploads\/2016\/09\/Emater-RO-participa-da-abertura-da-Semana-da-Patria_001-ROBSON-PAIVA-240x300.jpg 240w, http:\/\/www.emater.ro.gov.br\/ematerro\/wp-content\/uploads\/2016\/09\/Emater-RO-participa-da-abertura-da-Semana-da-Patria_001-ROBSON-PAIVA-768x959.jpg 768w, http:\/\/www.emater.ro.gov.br\/ematerro\/wp-content\/uploads\/2016\/09\/Emater-RO-participa-da-abertura-da-Semana-da-Patria_001-ROBSON-PAIVA-820x1024.jpg 820w\" sizes=\"(max-width: 240px) 100vw, 240px\" \/><figcaption id=\"caption-attachment-1122\" class=\"wp-caption-text\">O vice-presidente, Marcio Milani representou a EMATER-RO.<\/figcaption><\/figure>\n<p>Ap\u00f3s o hasteamento das bandeiras foram realizados os pronunciamentos, iniciado pelas mensagens ecum\u00eanicas. Em seu pronunciamento, o governador interino falou do momento pelo qual passa o pa\u00eds e lembro do patrono do estado, o Marechal C\u00e2ndido Rondon, militar e sertanista brasileiro que percorreu mais de 100 quil\u00f4metros no pa\u00eds abrindo novos caminhos, entre os quais, Rond\u00f4nia.<\/p>\n<p>Por fim, tr\u00eas atletas representando todo o corpo atl\u00e9tico do estado se fizeram presentes trazendo a tocha que marocu a abertura oficial da Semana da P\u00e1tria e que ficar\u00e1 acesa at\u00e9 o dia 7 de setembro, data em que se comemora a independ\u00eancia do Brasil.<\/p>\n<h6 style=\"text-align: right;\"><em>Wania Ressutti<\/em><br \/>\n<em>Jornalista \u2013 SRTE\/DRT\/RO-959<\/em><br \/>\n<em>Fotos: Robson Paiva<\/em><br \/>\n<em>EMATER-RO<\/em><\/h6>\n","protected":false},"excerpt":{"rendered":"<p>As atividades em comemora\u00e7\u00e3o a Semana da P\u00e1tria teve in\u00edcio nesta quinta-feira (1) com uma solenidade oficial realizada no p\u00e1tio do pal\u00e1cio Rio Madeira. Com a presen\u00e7a do governador interino, [&hellip;]<\/p>\n","protected":false},"author":9,"featured_media":1120,"comment_status":"closed","ping_status":"closed","sticky":false,"template":"","format":"standard","meta":[],"categories":[10,9,12],"tags":[30,62,63],"_links":{"self":[{"href":"http:\/\/www.emater.ro.gov.br\/ematerro\/wp-json\/wp\/v2\/posts\/1117"}],"collection":[{"href":"http:\/\/www.emater.ro.gov.br\/ematerro\/wp-json\/wp\/v2\/posts"}],"about":[{"href":"http:\/\/www.emater.ro.gov.br\/ematerro\/wp-json\/wp\/v2\/types\/post"}],"author":[{"embeddable":true,"href":"http:\/\/www.emater.ro.gov.br\/ematerro\/wp-json\/wp\/v2\/users\/9"}],"replies":[{"embeddable":true,"href":"http:\/\/www.emater.ro.gov.br\/ematerro\/wp-json\/wp\/v2\/comments?post=1117"}],"version-history":[{"count":4,"href":"http:\/\/www.emater.ro.gov.br\/ematerro\/wp-json\/wp\/v2\/posts\/1117\/revisions"}],"predecessor-version":[{"id":1125,"href":"http:\/\/www.emater.ro.gov.br\/ematerro\/wp-json\/wp\/v2\/posts\/1117\/revisions\/1125"}],"wp:featuredmedia":[{"embeddable":true,"href":"http:\/\/www.emater.ro.gov.br\/ematerro\/wp-json\/wp\/v2\/media\/1120"}],"wp:attachment":[{"href":"http:\/\/www.emater.ro.gov.br\/ematerro\/wp-json\/wp\/v2\/media?parent=1117"}],"wp:term":[{"taxonomy":"category","embeddable":true,"href":"http:\/\/www.emater.ro.gov.br\/ematerro\/wp-json\/wp\/v2\/categories?post=1117"},{"taxonomy":"post_tag","embeddable":true,"href":"http:\/\/www.emater.ro.gov.br\/ematerro\/wp-json\/wp\/v2\/tags?post=1117"}],"curies":[{"name":"wp","href":"https:\/\/api.w.org\/{rel}","templated":true}]}}