{"id":11143,"date":"2021-10-22T09:42:59","date_gmt":"2021-10-22T13:42:59","guid":{"rendered":"http:\/\/www.emater.ro.gov.br\/ematerro\/?p=11143"},"modified":"2021-10-22T09:42:59","modified_gmt":"2021-10-22T13:42:59","slug":"tecnicos-da-emater-ro-visitam-propriedade-que-e-referencia-em-sustentabilidade-e-qualidade-na-producao-do-cafe","status":"publish","type":"post","link":"http:\/\/www.emater.ro.gov.br\/ematerro\/2021\/10\/22\/tecnicos-da-emater-ro-visitam-propriedade-que-e-referencia-em-sustentabilidade-e-qualidade-na-producao-do-cafe\/","title":{"rendered":"T\u00e9cnicos da Emater-RO visitam propriedade que \u00e9 referencia em sustentabilidade e qualidade na produ\u00e7\u00e3o do caf\u00e9"},"content":{"rendered":"<figure id=\"attachment_11146\" aria-describedby=\"caption-attachment-11146\" style=\"width: 1000px\" class=\"wp-caption aligncenter\"><img decoding=\"async\" loading=\"lazy\" class=\"wp-image-11146\" src=\"http:\/\/www.emater.ro.gov.br\/ematerro\/wp-content\/uploads\/2021\/10\/20211022-20-10-2021-tecnicos-da-emater-de-todo-o-estado-conhecem-propriedade-que-e-referencia-em-sustentabilidade-e-qualidade-do-cafe-foto-giliane-perin-4-870x489.jpg\" alt=\"Mais de 100 t\u00e9cnicos da Emater visitam a \u201cFazendinha Sustent\u00e1vel\u201d em Cacoal.\" width=\"1000\" height=\"562\" srcset=\"http:\/\/www.emater.ro.gov.br\/ematerro\/wp-content\/uploads\/2021\/10\/20211022-20-10-2021-tecnicos-da-emater-de-todo-o-estado-conhecem-propriedade-que-e-referencia-em-sustentabilidade-e-qualidade-do-cafe-foto-giliane-perin-4-870x489.jpg 870w, http:\/\/www.emater.ro.gov.br\/ematerro\/wp-content\/uploads\/2021\/10\/20211022-20-10-2021-tecnicos-da-emater-de-todo-o-estado-conhecem-propriedade-que-e-referencia-em-sustentabilidade-e-qualidade-do-cafe-foto-giliane-perin-4-870x489-300x169.jpg 300w, http:\/\/www.emater.ro.gov.br\/ematerro\/wp-content\/uploads\/2021\/10\/20211022-20-10-2021-tecnicos-da-emater-de-todo-o-estado-conhecem-propriedade-que-e-referencia-em-sustentabilidade-e-qualidade-do-cafe-foto-giliane-perin-4-870x489-768x432.jpg 768w\" sizes=\"(max-width: 1000px) 100vw, 1000px\" \/><figcaption id=\"caption-attachment-11146\" class=\"wp-caption-text\"><em>Mais de 100 t\u00e9cnicos da Emater visitam a \u201cFazendinha Sustent\u00e1vel\u201d em Cacoal.<\/em><\/figcaption><\/figure>\n<p>Dando in\u00edcio \u00e0s atividades previstas durante a realiza\u00e7\u00e3o da sexta edi\u00e7\u00e3o do Concurso de Qualidade e Sustentabilidade do Caf\u00e9 de Rond\u00f4nia (Concaf\u00e9), 110 t\u00e9cnicos da Entidade Aut\u00e1rquica de Assist\u00eancia T\u00e9cnica e Extens\u00e3o Rural do Estado (Emater-RO), participaram durante toda a tarde de quarta-feira (20), de uma visita t\u00e9cnica \u00e0 \u201cFazendinha Sustent\u00e1vel\u201d, na \u00e1rea rural de Cacoal.<\/p>\n<p>O Concaf\u00e9 \u00e9 uma realiza\u00e7\u00e3o do Governo de Rond\u00f4nia, por meio da Secretaria de Estado da Agricultura (Seagri), bem como a Entidade Aut\u00e1rquica de Assist\u00eancia T\u00e9cnica e Extens\u00e3o Rural do Estado (Emater-RO) e a Ag\u00eancia de Defesa Sanit\u00e1ria Agrosilvopastoril (Idaron).<\/p>\n<p>No s\u00edtio Rio Lim\u00e3o, de propriedade da fam\u00edlia Bento, os t\u00e9cnicos, atuantes em todo o estado de Rond\u00f4nia conferiram de perto as pr\u00e1ticas que fizeram da Fam\u00edlia Bento, quatro vezes campe\u00e3 do Concaf\u00e9, na categoria Sustentabilidade, e uma vez campe\u00e3 no quesito Qualidade do caf\u00e9. O objetivo principal desta visita t\u00e9cnica \u00e9 compartilhar conhecimento e t\u00e9cnicas para que possam ser disseminadas junto aos cafeicultores dos 52 munic\u00edpios rondonienses.<\/p>\n<figure id=\"attachment_11145\" aria-describedby=\"caption-attachment-11145\" style=\"width: 500px\" class=\"wp-caption alignright\"><img decoding=\"async\" loading=\"lazy\" class=\"wp-image-11145\" src=\"http:\/\/www.emater.ro.gov.br\/ematerro\/wp-content\/uploads\/2021\/10\/20211022-20-10-2021-tecnicos-da-emater-de-todo-o-estado-conhecem-propriedade-que-e-referencia-em-sustentabilidade-e-qualidade-do-cafe-foto-giliane-perin-3-570x321.jpg\" alt=\"Propriedade da fam\u00edlia Bento se tornou um modelo de sustentabilidade.\" width=\"500\" height=\"282\" srcset=\"http:\/\/www.emater.ro.gov.br\/ematerro\/wp-content\/uploads\/2021\/10\/20211022-20-10-2021-tecnicos-da-emater-de-todo-o-estado-conhecem-propriedade-que-e-referencia-em-sustentabilidade-e-qualidade-do-cafe-foto-giliane-perin-3-570x321.jpg 570w, http:\/\/www.emater.ro.gov.br\/ematerro\/wp-content\/uploads\/2021\/10\/20211022-20-10-2021-tecnicos-da-emater-de-todo-o-estado-conhecem-propriedade-que-e-referencia-em-sustentabilidade-e-qualidade-do-cafe-foto-giliane-perin-3-570x321-300x169.jpg 300w\" sizes=\"(max-width: 500px) 100vw, 500px\" \/><figcaption id=\"caption-attachment-11145\" class=\"wp-caption-text\"><em>Propriedade da fam\u00edlia Bento se tornou um modelo de sustentabilidade.<\/em><\/figcaption><\/figure>\n<p>O gerente regional da Emater-RO no Territ\u00f3rio Rio Machado, Samuel Borges fala da import\u00e2ncia da visita \u00e0 Fazendinha. \u201cEssa \u00e9 uma \u00f3tima oportunidade para representantes de todas as regionais da Emater em Rond\u00f4nia conhecerem uma propriedade que h\u00e1 alguns anos, incentivada pelo Concaf\u00e9, vem desenvolvendo a sustentabilidade na produ\u00e7\u00e3o do caf\u00e9. Os t\u00e9cnicos da Emater est\u00e3o podendo ver in loco, todo o trabalho que \u00e9 realizado na propriedade\u201d, destacou o gerente.<\/p>\n<p>De acordo com o secret\u00e1rio de Estado da Agricultura, Evandro Cesar Padovani, que tamb\u00e9m acompanhou a visita t\u00e9cnica, ao longo dos tr\u00eas dias de Concaf\u00e9, todos\u00a0 os t\u00e9cnicos da Emater-RO v\u00e3o ter a oportunidade de participar de uma s\u00e9rie de capacita\u00e7\u00f5es voltadas \u00e0s boas pr\u00e1ticas na cafeicultura, como manejo da cultura, conserva\u00e7\u00e3o de solo, aduba\u00e7\u00e3o, calagem, colheita e poda. \u201cO objetivo do Governo de Rond\u00f4nia \u00e9 que todos possam levar aos seus munic\u00edpios de origem, os conhecimentos adquiridos, transferindo essas t\u00e9cnicas aos produtores de caf\u00e9\u201d, refor\u00e7ou o secret\u00e1rio.<\/p>\n<p>Participando do Concaf\u00e9 2021, a engenheira agr\u00f4noma da Emater-RO em Guajar\u00e1 Mirim, Ilaede Alves de Souza, destacou a iniciativa que permitiu aos t\u00e9cnicos conhecerem uma propriedade que se tornou modelo para todo o estado. \u201cEssa \u00e9 uma atividade muito importante porque a gente tem um resultado positivo de um trabalho que iniciou da agricultura familiar, da m\u00e3o de obra familiar e tem uma sucess\u00e3o familiar, o que \u00e9 importante hoje em dia para a manuten\u00e7\u00e3o da agricultura em qualquer lugar. Guajar\u00e1-Mirim est\u00e1 despertando para o caf\u00e9 e para a gente, enquanto t\u00e9cnico, \u00e9 importante agregar esse conhecimento para levar aos nossos agricultores\u201d, ressalta a engenheira agr\u00f4noma.<\/p>\n<figure id=\"attachment_11144\" aria-describedby=\"caption-attachment-11144\" style=\"width: 500px\" class=\"wp-caption alignleft\"><img decoding=\"async\" loading=\"lazy\" class=\"wp-image-11144\" src=\"http:\/\/www.emater.ro.gov.br\/ematerro\/wp-content\/uploads\/2021\/10\/20211022-20-10-2021-tecnicos-da-emater-de-todo-o-estado-conhecem-propriedade-que-e-referencia-em-sustentabilidade-e-qualidade-do-cafe-foto-giliane-perin-2-570x321.jpg\" alt=\"Todo conhecimento adquirido ser\u00e1 compartilhado com produtores de todo o Estado.\" width=\"500\" height=\"282\" srcset=\"http:\/\/www.emater.ro.gov.br\/ematerro\/wp-content\/uploads\/2021\/10\/20211022-20-10-2021-tecnicos-da-emater-de-todo-o-estado-conhecem-propriedade-que-e-referencia-em-sustentabilidade-e-qualidade-do-cafe-foto-giliane-perin-2-570x321.jpg 570w, http:\/\/www.emater.ro.gov.br\/ematerro\/wp-content\/uploads\/2021\/10\/20211022-20-10-2021-tecnicos-da-emater-de-todo-o-estado-conhecem-propriedade-que-e-referencia-em-sustentabilidade-e-qualidade-do-cafe-foto-giliane-perin-2-570x321-300x169.jpg 300w\" sizes=\"(max-width: 500px) 100vw, 500px\" \/><figcaption id=\"caption-attachment-11144\" class=\"wp-caption-text\"><em>Todo conhecimento adquirido ser\u00e1 compartilhado com produtores de todo o Estado.<\/em><\/figcaption><\/figure>\n<p>Quem tamb\u00e9m destacou a oportunidade e est\u00e1 ansiosa para transmitir todo o conhecimento adquirido \u00e9 a engenheira agr\u00f4noma da Emater-RO, atuante em Alto Para\u00edso, Ros\u00e2ngela Veiga. \u201cEssas capacita\u00e7\u00f5es surgem para agregar conhecimento para que a gente possa melhorar a qualidade do caf\u00e9 em todo o estado de Rond\u00f4nia. Em Alto Para\u00edso, a partir de 2000, o caf\u00e9 teve um crescimento exponencial. Estamos trabalhando a qualidade e acompanhando pr\u00e1ticas que deram certo \u00e9 muito importante. S\u00e3o exemplos de que valem a pena\u201d, refor\u00e7a a t\u00e9cnica da Emater-RO.<\/p>\n<p>Recepcionando os mais de 100 t\u00e9cnicos da Emater-RO, a fam\u00edlia Bento n\u00e3o esconde a gratid\u00e3o pelo destaque que o caf\u00e9 e o s\u00edtio Rio Lim\u00e3o t\u00eam ganhado. Al\u00e9m do esfor\u00e7o da fam\u00edlia, o cafeicultor Dione Bento destaca o incentivo por parte do Governo do Estado. \u201cA gente se tornou um exemplo para todo o estado e hoje, no que precisar, a gente est\u00e1 \u00e0 disposi\u00e7\u00e3o para repassar tudo o que a gente faz aqui na nossa propriedade. Hoje, tudo o que a gente tem, \u00e9 gra\u00e7as tamb\u00e9m ao Governo de Rond\u00f4nia que ajudou e incentivou; \u00e0 Emater e demais parceiros. Hoje \u00e9 um grande prazer para gente poder retribuir\u201d, enfatiza Dione Bento.<\/p>\n<figure id=\"attachment_11147\" aria-describedby=\"caption-attachment-11147\" style=\"width: 500px\" class=\"wp-caption alignright\"><img decoding=\"async\" loading=\"lazy\" class=\"wp-image-11147\" src=\"http:\/\/www.emater.ro.gov.br\/ematerro\/wp-content\/uploads\/2021\/10\/20211022-20-10-2021-tecnicos-da-emater-de-todo-o-estado-conhecem-propriedade-que-e-referencia-em-sustentabilidade-e-qualidade-do-cafe-foto-giliane-perin-570x321.jpg\" alt=\"De acordo com Dione Bento, foi o Concaf\u00e9 que despertou a aten\u00e7\u00e3o da fam\u00edlia para a sustentabilidade.\" width=\"500\" height=\"282\" srcset=\"http:\/\/www.emater.ro.gov.br\/ematerro\/wp-content\/uploads\/2021\/10\/20211022-20-10-2021-tecnicos-da-emater-de-todo-o-estado-conhecem-propriedade-que-e-referencia-em-sustentabilidade-e-qualidade-do-cafe-foto-giliane-perin-570x321.jpg 570w, http:\/\/www.emater.ro.gov.br\/ematerro\/wp-content\/uploads\/2021\/10\/20211022-20-10-2021-tecnicos-da-emater-de-todo-o-estado-conhecem-propriedade-que-e-referencia-em-sustentabilidade-e-qualidade-do-cafe-foto-giliane-perin-570x321-300x169.jpg 300w\" sizes=\"(max-width: 500px) 100vw, 500px\" \/><figcaption id=\"caption-attachment-11147\" class=\"wp-caption-text\"><em>De acordo com Dione Bento, foi o Concaf\u00e9 que despertou a aten\u00e7\u00e3o da fam\u00edlia para a sustentabilidade.<\/em><\/figcaption><\/figure>\n<p>A miss\u00e3o de compartilhar essa experi\u00eancia que deu certo \u00e9 atribu\u00edda\u00a0 tamb\u00e9m pelo pai de Dione, o senhor Ronaldo Bento. A gente acabou se tornando um modelo para outros produtores e isso \u00e9 gratificante e ao mesmo tempo aumenta a nossa responsabilidade. A gente precisa mostrar que vai al\u00e9m do plantio e da colheita do caf\u00e9. Precisamos estar preocupados com o reflorestamento, a preserva\u00e7\u00e3o do meio ambiente. \u201cE o diferencial \u00e9 esse, a responsabilidade que cada um precisa ter\u201d, completa Ronaldo Bento.<\/p>\n<p><strong>CONCAF\u00c9 2021<\/strong><br \/>\nNesta edi\u00e7\u00e3o, o 6\u00ba Concaf\u00e9 ser\u00e1 realizado no Complexo Beira Rio, \u00e0s margens do rio Machado, em Cacoal. Na sexta-feira (22) \u00e9 o grande dia, quando est\u00e1 programada para \u00e0s 9h a cerim\u00f4nia de premia\u00e7\u00e3o dos vencedores do Concurso de Qualidade e Sustentabilidade do Caf\u00e9 de Rond\u00f4nia. Pela manh\u00e3, ser\u00e3o conhecidos os melhores caf\u00e9s robustas do Estado e premiadas as propriedades mais sustent\u00e1veis. Ao todo, 237 inscri\u00e7\u00f5es foram registradas no Concaf\u00e9 2021.<\/p>\n<p style=\"text-align: right;\"><strong><span style=\"color: #008000;\">Texto: Giliane Perin<\/span><\/strong><br \/>\n<strong><span style=\"color: #008000;\">Fotos: Giliane Perin<\/span><\/strong><br \/>\n<strong><span style=\"color: #008000;\">Secom &#8211; Governo de Rond\u00f4nia<\/span><\/strong><\/p>\n","protected":false},"excerpt":{"rendered":"<p>Dando in\u00edcio \u00e0s atividades previstas durante a realiza\u00e7\u00e3o da sexta edi\u00e7\u00e3o do Concurso de Qualidade e Sustentabilidade do Caf\u00e9 de Rond\u00f4nia (Concaf\u00e9), 110 t\u00e9cnicos da Entidade Aut\u00e1rquica de Assist\u00eancia T\u00e9cnica [&hellip;]<\/p>\n","protected":false},"author":9,"featured_media":11146,"comment_status":"closed","ping_status":"closed","sticky":false,"template":"","format":"standard","meta":[],"categories":[10,9,12],"tags":[135,65,155,661,66],"_links":{"self":[{"href":"http:\/\/www.emater.ro.gov.br\/ematerro\/wp-json\/wp\/v2\/posts\/11143"}],"collection":[{"href":"http:\/\/www.emater.ro.gov.br\/ematerro\/wp-json\/wp\/v2\/posts"}],"about":[{"href":"http:\/\/www.emater.ro.gov.br\/ematerro\/wp-json\/wp\/v2\/types\/post"}],"author":[{"embeddable":true,"href":"http:\/\/www.emater.ro.gov.br\/ematerro\/wp-json\/wp\/v2\/users\/9"}],"replies":[{"embeddable":true,"href":"http:\/\/www.emater.ro.gov.br\/ematerro\/wp-json\/wp\/v2\/comments?post=11143"}],"version-history":[{"count":2,"href":"http:\/\/www.emater.ro.gov.br\/ematerro\/wp-json\/wp\/v2\/posts\/11143\/revisions"}],"predecessor-version":[{"id":11149,"href":"http:\/\/www.emater.ro.gov.br\/ematerro\/wp-json\/wp\/v2\/posts\/11143\/revisions\/11149"}],"wp:featuredmedia":[{"embeddable":true,"href":"http:\/\/www.emater.ro.gov.br\/ematerro\/wp-json\/wp\/v2\/media\/11146"}],"wp:attachment":[{"href":"http:\/\/www.emater.ro.gov.br\/ematerro\/wp-json\/wp\/v2\/media?parent=11143"}],"wp:term":[{"taxonomy":"category","embeddable":true,"href":"http:\/\/www.emater.ro.gov.br\/ematerro\/wp-json\/wp\/v2\/categories?post=11143"},{"taxonomy":"post_tag","embeddable":true,"href":"http:\/\/www.emater.ro.gov.br\/ematerro\/wp-json\/wp\/v2\/tags?post=11143"}],"curies":[{"name":"wp","href":"https:\/\/api.w.org\/{rel}","templated":true}]}}