{"id":11117,"date":"2021-10-18T08:47:22","date_gmt":"2021-10-18T12:47:22","guid":{"rendered":"http:\/\/www.emater.ro.gov.br\/ematerro\/?p=11117"},"modified":"2021-10-18T08:47:22","modified_gmt":"2021-10-18T12:47:22","slug":"podcast073-concafe-e-qualidade-do-cafe-de-rondonia","status":"publish","type":"post","link":"http:\/\/www.emater.ro.gov.br\/ematerro\/2021\/10\/18\/podcast073-concafe-e-qualidade-do-cafe-de-rondonia\/","title":{"rendered":"PodCast#073-Concaf\u00e9 e Qualidade do Caf\u00e9 de Rond\u00f4nia"},"content":{"rendered":"<!--[if lt IE 9]><script>document.createElement('audio');<\/script><![endif]-->\n<audio class=\"wp-audio-shortcode\" id=\"audio-11117-1\" preload=\"none\" style=\"width: 100%;\" controls=\"controls\"><source type=\"audio\/mpeg\" src=\"http:\/\/www.emater.ro.gov.br\/ematerro\/wp-content\/uploads\/2021\/10\/20211018-podcast073-concafe-e-qualidade-do-cafe-de-ro.mp3?_=1\" \/><a href=\"http:\/\/www.emater.ro.gov.br\/ematerro\/wp-content\/uploads\/2021\/10\/20211018-podcast073-concafe-e-qualidade-do-cafe-de-ro.mp3\">http:\/\/www.emater.ro.gov.br\/ematerro\/wp-content\/uploads\/2021\/10\/20211018-podcast073-concafe-e-qualidade-do-cafe-de-ro.mp3<\/a><\/audio>\n<p><img decoding=\"async\" loading=\"lazy\" class=\"size-full wp-image-11118 aligncenter\" src=\"http:\/\/www.emater.ro.gov.br\/ematerro\/wp-content\/uploads\/2021\/10\/20211018-podcast073-concafe-e-qualidade-do-cafe-de-ro.jpg\" alt=\"PodCast#073-Concafe e Qualidade do Cafe de RO\" width=\"2365\" height=\"1601\" srcset=\"http:\/\/www.emater.ro.gov.br\/ematerro\/wp-content\/uploads\/2021\/10\/20211018-podcast073-concafe-e-qualidade-do-cafe-de-ro.jpg 2365w, http:\/\/www.emater.ro.gov.br\/ematerro\/wp-content\/uploads\/2021\/10\/20211018-podcast073-concafe-e-qualidade-do-cafe-de-ro-300x203.jpg 300w, http:\/\/www.emater.ro.gov.br\/ematerro\/wp-content\/uploads\/2021\/10\/20211018-podcast073-concafe-e-qualidade-do-cafe-de-ro-768x520.jpg 768w, http:\/\/www.emater.ro.gov.br\/ematerro\/wp-content\/uploads\/2021\/10\/20211018-podcast073-concafe-e-qualidade-do-cafe-de-ro-1024x693.jpg 1024w\" sizes=\"(max-width: 2365px) 100vw, 2365px\" \/><\/p>\n","protected":false},"excerpt":{"rendered":"","protected":false},"author":9,"featured_media":11118,"comment_status":"closed","ping_status":"closed","sticky":false,"template":"","format":"standard","meta":[],"categories":[15],"tags":[],"_links":{"self":[{"href":"http:\/\/www.emater.ro.gov.br\/ematerro\/wp-json\/wp\/v2\/posts\/11117"}],"collection":[{"href":"http:\/\/www.emater.ro.gov.br\/ematerro\/wp-json\/wp\/v2\/posts"}],"about":[{"href":"http:\/\/www.emater.ro.gov.br\/ematerro\/wp-json\/wp\/v2\/types\/post"}],"author":[{"embeddable":true,"href":"http:\/\/www.emater.ro.gov.br\/ematerro\/wp-json\/wp\/v2\/users\/9"}],"replies":[{"embeddable":true,"href":"http:\/\/www.emater.ro.gov.br\/ematerro\/wp-json\/wp\/v2\/comments?post=11117"}],"version-history":[{"count":1,"href":"http:\/\/www.emater.ro.gov.br\/ematerro\/wp-json\/wp\/v2\/posts\/11117\/revisions"}],"predecessor-version":[{"id":11120,"href":"http:\/\/www.emater.ro.gov.br\/ematerro\/wp-json\/wp\/v2\/posts\/11117\/revisions\/11120"}],"wp:featuredmedia":[{"embeddable":true,"href":"http:\/\/www.emater.ro.gov.br\/ematerro\/wp-json\/wp\/v2\/media\/11118"}],"wp:attachment":[{"href":"http:\/\/www.emater.ro.gov.br\/ematerro\/wp-json\/wp\/v2\/media?parent=11117"}],"wp:term":[{"taxonomy":"category","embeddable":true,"href":"http:\/\/www.emater.ro.gov.br\/ematerro\/wp-json\/wp\/v2\/categories?post=11117"},{"taxonomy":"post_tag","embeddable":true,"href":"http:\/\/www.emater.ro.gov.br\/ematerro\/wp-json\/wp\/v2\/tags?post=11117"}],"curies":[{"name":"wp","href":"https:\/\/api.w.org\/{rel}","templated":true}]}}