{"id":1111,"date":"2016-08-31T14:34:51","date_gmt":"2016-08-31T18:34:51","guid":{"rendered":"http:\/\/www.emater.ro.gov.br\/ematerro\/?p=1111"},"modified":"2016-08-31T14:35:48","modified_gmt":"2016-08-31T18:35:48","slug":"emater-ro-chega-aos-45-anos-mais-madura-e-consolidada","status":"publish","type":"post","link":"http:\/\/www.emater.ro.gov.br\/ematerro\/2016\/08\/31\/emater-ro-chega-aos-45-anos-mais-madura-e-consolidada\/","title":{"rendered":"Emater-RO chega aos 45 anos mais madura e consolidada"},"content":{"rendered":"<p>De forma simples, por\u00e9m com a certeza de quem muito tem feito pelo desenvolvimento do setor agropecu\u00e1rio de Rond\u00f4nia, a Emater-RO comemora hoje, 31 de agosto, 45 anos de assist\u00eancia t\u00e9cnica e extens\u00e3o rural no estado. N\u00e3o mais como associa\u00e7\u00e3o, mas fortalecida como uma empresa estatal comprometida com a valoriza\u00e7\u00e3o da fam\u00edlia no campo, a institui\u00e7\u00e3o vem atuando em prol do crescimento econ\u00f4mico e produtivo rural, atrav\u00e9s de seu corpo de colaboradores presentes nos 52 munic\u00edpios.<\/p>\n<figure id=\"attachment_1113\" aria-describedby=\"caption-attachment-1113\" style=\"width: 436px\" class=\"wp-caption alignright\"><img decoding=\"async\" loading=\"lazy\" class=\"wp-image-1113\" src=\"http:\/\/www.emater.ro.gov.br\/ematerro\/wp-content\/uploads\/2016\/08\/Emater-RO-chega-aos-45-anos-mais-madura-e-consolidada_003-IRENE-MENDES-300x188.jpg\" alt=\"Emater-RO-chega-aos-45-anos-mais-madura-e-consolidada_003-IRENE-MENDES\" width=\"436\" height=\"273\" srcset=\"http:\/\/www.emater.ro.gov.br\/ematerro\/wp-content\/uploads\/2016\/08\/Emater-RO-chega-aos-45-anos-mais-madura-e-consolidada_003-IRENE-MENDES-300x188.jpg 300w, http:\/\/www.emater.ro.gov.br\/ematerro\/wp-content\/uploads\/2016\/08\/Emater-RO-chega-aos-45-anos-mais-madura-e-consolidada_003-IRENE-MENDES-768x480.jpg 768w, http:\/\/www.emater.ro.gov.br\/ematerro\/wp-content\/uploads\/2016\/08\/Emater-RO-chega-aos-45-anos-mais-madura-e-consolidada_003-IRENE-MENDES.jpg 800w\" sizes=\"(max-width: 436px) 100vw, 436px\" \/><figcaption id=\"caption-attachment-1113\" class=\"wp-caption-text\">Emater-RO, 45 anos fazendo parte do desenvolvimento agr\u00edcola do estado de Rond\u00f4nia.<\/figcaption><\/figure>\n<p>Em solenidade realizada no audit\u00f3rio Carlos Dornege, no antigo pr\u00e9dio do Centro Gerencial da Emater-RO, em Porto Velho, a diretoria da institui\u00e7\u00e3o representada no diretor-presidente, Francisco Mende de S\u00e1 Barreto Coutinho, diretor vice-presidente, Marcio Andr\u00e9 Milani, diretores gerenciais e parceiros convidados, a trajet\u00f3ria da Emater-RO foi relembrada a cada pronunciamento.<\/p>\n<p>Um v\u00eddeo hist\u00f3rico apresentou os primeiros passos da institui\u00e7\u00e3o desde quando, em 31 de agosto de 1971, foi instalada em Porto Velho, a Associa\u00e7\u00e3o de Cr\u00e9dito e Assist\u00eancia Rural do Territ\u00f3rio Federal de Rond\u00f4nia (ACAR-RO), integrante da Associa\u00e7\u00e3o Brasileira de Cr\u00e9dito e Assist\u00eancia Rural (ABCAR) que, fundada com a personalidade jur\u00eddica de sociedade civil de fins educativos e sem finalidade lucrativa, surgiu com o objetivo de promover a extens\u00e3o rural no Territ\u00f3rio Federal de Rond\u00f4nia.<\/p>\n<p>Hoje, 45 anos depois, desempenhado um importante e significativo papel na implementa\u00e7\u00e3o das pol\u00edticas p\u00fablicas voltadas para o segmento rural, a Emater-RO se apresenta como uma empresa amadurecida pela experi\u00eancia e consolidada pelos not\u00f3rios resultados em prol do fortalecimento da fam\u00edlia no campo. S\u00e3o in\u00fameras as vezes que seus t\u00e9cnicos levaram a campo orienta\u00e7\u00f5es, capacita\u00e7\u00f5es e a\u00e7\u00f5es que tem contribu\u00eddo na gera\u00e7\u00e3o de emprego e renda e na valoriza\u00e7\u00e3o da fam\u00edlia rural.<\/p>\n<p>E \u00e9 nesse contexto que a Emater-RO continuar\u00e1 trabalhando, procurando cada vez mais estimular, apoiar e desenvolver a\u00e7\u00f5es visando \u00e0 transforma\u00e7\u00e3o da sociedade, a diminui\u00e7\u00e3o das desigualdades sociais e, consequentemente, a constru\u00e7\u00e3o de uma sociedade mais justa.<\/p>\n<p>Emater-RO, 45 anos fazendo parte do desenvolvimento agr\u00edcola do estado de Rond\u00f4nia.<\/p>\n<h6 style=\"text-align: right;\"><em>Wania Ressutti<\/em><br \/>\n<em>Jornalista &#8211; DRT-959\/RO<\/em><br \/>\n<em>Fotos: Irene Mendes<\/em><br \/>\n<em>Rep\u00f3rter fotogr\u00e1fica &#8211; DRT-368\/RO<\/em><br \/>\n<em>EMATER-RO<\/em><\/h6>\n","protected":false},"excerpt":{"rendered":"<p>De forma simples, por\u00e9m com a certeza de quem muito tem feito pelo desenvolvimento do setor agropecu\u00e1rio de Rond\u00f4nia, a Emater-RO comemora hoje, 31 de agosto, 45 anos de assist\u00eancia [&hellip;]<\/p>\n","protected":false},"author":9,"featured_media":1054,"comment_status":"closed","ping_status":"closed","sticky":false,"template":"","format":"standard","meta":[],"categories":[10,9,12],"tags":[],"_links":{"self":[{"href":"http:\/\/www.emater.ro.gov.br\/ematerro\/wp-json\/wp\/v2\/posts\/1111"}],"collection":[{"href":"http:\/\/www.emater.ro.gov.br\/ematerro\/wp-json\/wp\/v2\/posts"}],"about":[{"href":"http:\/\/www.emater.ro.gov.br\/ematerro\/wp-json\/wp\/v2\/types\/post"}],"author":[{"embeddable":true,"href":"http:\/\/www.emater.ro.gov.br\/ematerro\/wp-json\/wp\/v2\/users\/9"}],"replies":[{"embeddable":true,"href":"http:\/\/www.emater.ro.gov.br\/ematerro\/wp-json\/wp\/v2\/comments?post=1111"}],"version-history":[{"count":3,"href":"http:\/\/www.emater.ro.gov.br\/ematerro\/wp-json\/wp\/v2\/posts\/1111\/revisions"}],"predecessor-version":[{"id":1115,"href":"http:\/\/www.emater.ro.gov.br\/ematerro\/wp-json\/wp\/v2\/posts\/1111\/revisions\/1115"}],"wp:featuredmedia":[{"embeddable":true,"href":"http:\/\/www.emater.ro.gov.br\/ematerro\/wp-json\/wp\/v2\/media\/1054"}],"wp:attachment":[{"href":"http:\/\/www.emater.ro.gov.br\/ematerro\/wp-json\/wp\/v2\/media?parent=1111"}],"wp:term":[{"taxonomy":"category","embeddable":true,"href":"http:\/\/www.emater.ro.gov.br\/ematerro\/wp-json\/wp\/v2\/categories?post=1111"},{"taxonomy":"post_tag","embeddable":true,"href":"http:\/\/www.emater.ro.gov.br\/ematerro\/wp-json\/wp\/v2\/tags?post=1111"}],"curies":[{"name":"wp","href":"https:\/\/api.w.org\/{rel}","templated":true}]}}