{"id":10878,"date":"2021-09-01T11:01:00","date_gmt":"2021-09-01T15:01:00","guid":{"rendered":"http:\/\/www.emater.ro.gov.br\/ematerro\/?p=10878"},"modified":"2021-09-01T11:01:00","modified_gmt":"2021-09-01T15:01:00","slug":"emater-ro-completa-50-anos-de-criacao-com-mais-de-r-30-milhoes-investidos-em-reestruturacao","status":"publish","type":"post","link":"http:\/\/www.emater.ro.gov.br\/ematerro\/2021\/09\/01\/emater-ro-completa-50-anos-de-criacao-com-mais-de-r-30-milhoes-investidos-em-reestruturacao\/","title":{"rendered":"Emater-RO completa 50 anos de cria\u00e7\u00e3o com mais de R$ 30 milh\u00f5es investidos em reestrutura\u00e7\u00e3o"},"content":{"rendered":"<figure id=\"attachment_10880\" aria-describedby=\"caption-attachment-10880\" style=\"width: 4379px\" class=\"wp-caption aligncenter\"><img decoding=\"async\" loading=\"lazy\" class=\"wp-image-10880 size-full\" src=\"http:\/\/www.emater.ro.gov.br\/ematerro\/wp-content\/uploads\/2021\/09\/20210901-50-anos_001.jpg\" alt=\"Celebra\u00e7\u00e3o dos 50 anos da Emater foi realizado  no no Pal\u00e1cio Rio Madeira, sede do Governo de Rond\u00f4nia.\" width=\"4379\" height=\"2737\" srcset=\"http:\/\/www.emater.ro.gov.br\/ematerro\/wp-content\/uploads\/2021\/09\/20210901-50-anos_001.jpg 4379w, http:\/\/www.emater.ro.gov.br\/ematerro\/wp-content\/uploads\/2021\/09\/20210901-50-anos_001-300x188.jpg 300w, http:\/\/www.emater.ro.gov.br\/ematerro\/wp-content\/uploads\/2021\/09\/20210901-50-anos_001-768x480.jpg 768w, http:\/\/www.emater.ro.gov.br\/ematerro\/wp-content\/uploads\/2021\/09\/20210901-50-anos_001-1024x640.jpg 1024w\" sizes=\"(max-width: 4379px) 100vw, 4379px\" \/><figcaption id=\"caption-attachment-10880\" class=\"wp-caption-text\"><em>Autoridades parabenizaram a Emater-RO pelos resultados alcan\u00e7ados nestes 50 anos de assist\u00eancia t\u00e9cnica no estado.<\/em><\/figcaption><\/figure>\n<p><span style=\"color: #000000;\">Os 50 anos da Entidade Aut\u00e1rquica Estadual de Assist\u00eancia T\u00e9cnica e Extens\u00e3o Rural do Estado de Rond\u00f4nia (Emater-RO) foram comemorados em uma celebra\u00e7\u00e3o hist\u00f3rica realizada pelo Governo de Rond\u00f4nia na manh\u00e3 desta ter\u00e7a-feira (31), no Pal\u00e1cio Rio Madeira. Um novo cap\u00edtulo dessa hist\u00f3ria que tem sido contada na atual gest\u00e3o. S\u00e3o mais de R$ 30 milh\u00f5es j\u00e1 destinados a melhorar os ambientes de trabalho, capacitar servidores e tamb\u00e9m ao fomento da agricultura familiar.<\/span><\/p>\n<p><span style=\"color: #000000;\">O governador de Rond\u00f4nia, Marcos Rocha, parabenizou a todos da Emater-RO pelos resultados alcan\u00e7ados na assist\u00eancia aos homens e mulheres do campo, que t\u00eam contribu\u00eddo para que o estado seja refer\u00eancia no Brasil em diversas cadeias produtivas e anunciou que, assim como a economia feita em todo o governo tem refletido em mais asfalto nos munic\u00edpios por meio do \u201cTchau Poeira\u201d, em melhorias de espa\u00e7os de lazer atrav\u00e9s do Governo no Cidade e uma s\u00e9rie de outras medidas, tamb\u00e9m ser\u00e1 aplicada na valoriza\u00e7\u00e3o dos servidores da Emater-RO.<\/span><\/p>\n<p><span style=\"color: #000000;\">\u201cSer\u00e1 encaminhado um Projeto de Lei para a Assembleia Legislativa para implantar o aux\u00edlio alimenta\u00e7\u00e3o para os servidores da Emater\u201d, anunciou o governador. A not\u00edcia foi recebida com aplausos pelos servidores. Para o governador, \u00e9 um reconhecimento do trabalho \u00e1rduo de n\u00e3o deixar o agricultor sozinho e de ajudar cada fam\u00edlia agr\u00edcola a transformar suas propriedades rurais em neg\u00f3cios que gerem emprego e renda, o que contribuiu para que Rond\u00f4nia alcan\u00e7asse o feito de ultrapassar R$ 19 bilh\u00f5es em valor bruto da produ\u00e7\u00e3o agr\u00edcola.<\/span><\/p>\n<figure id=\"attachment_10881\" aria-describedby=\"caption-attachment-10881\" style=\"width: 3988px\" class=\"wp-caption aligncenter\"><img decoding=\"async\" loading=\"lazy\" class=\"size-full wp-image-10881\" src=\"http:\/\/www.emater.ro.gov.br\/ematerro\/wp-content\/uploads\/2021\/09\/20210901-50-anos_002.jpg\" alt=\"A cerim\u00f4nia transformou-se em uma grande festa com a participa\u00e7\u00e3o dos empregados da Emater-RO.\" width=\"3988\" height=\"2492\" srcset=\"http:\/\/www.emater.ro.gov.br\/ematerro\/wp-content\/uploads\/2021\/09\/20210901-50-anos_002.jpg 3988w, http:\/\/www.emater.ro.gov.br\/ematerro\/wp-content\/uploads\/2021\/09\/20210901-50-anos_002-300x187.jpg 300w, http:\/\/www.emater.ro.gov.br\/ematerro\/wp-content\/uploads\/2021\/09\/20210901-50-anos_002-768x480.jpg 768w, http:\/\/www.emater.ro.gov.br\/ematerro\/wp-content\/uploads\/2021\/09\/20210901-50-anos_002-1024x640.jpg 1024w\" sizes=\"(max-width: 3988px) 100vw, 3988px\" \/><figcaption id=\"caption-attachment-10881\" class=\"wp-caption-text\"><em>A cerim\u00f4nia transformou-se em uma grande festa com a participa\u00e7\u00e3o dos empregados da Emater-RO.<\/em><\/figcaption><\/figure>\n<p><span style=\"color: #000000;\">\u201cA Emater valoriza homens e mulheres do campo, fortalece a agricultura familiar do estado, gerando emprego e renda, e desenvolvendo s\u00f3cio e economicamente centenas de fam\u00edlias do campo. Parab\u00e9ns Emater por chegar at\u00e9 aqui contribuindo com nosso povo rondoniense. O agro n\u00e3o parou nem com a pandemia, pelo contr\u00e1rio, o produtor continuou trabalhando para que o alimento continuasse chegando \u00e0s nossas casas, com a participa\u00e7\u00e3o ativa da Emater. Tendo como presidente, o Luciano [Brand\u00e3o], e composta por t\u00e9cnicos empenhados na miss\u00e3o, a Emater tem feito um trabalho arrojado, digno e com bons frutos\u201d, considera Marcos Rocha.<\/span><\/p>\n<p><span style=\"color: #000000;\">O vice-governador, Jos\u00e9 Jodan, tamb\u00e9m refor\u00e7ou o trabalho essencial realizado pela Emater-RO na presta\u00e7\u00e3o de assist\u00eancia aos produtores rurais, refor\u00e7ou que este \u00e9 um trabalho que acompanhar\u00e1 mais de perto, e destacou a import\u00e2ncia de cada t\u00e9cnico levar ao campo orienta\u00e7\u00f5es personalizadas, de forma que as instru\u00e7\u00f5es feitas sejam conforme a aptid\u00e3o de cada propriedade rural. \u201c\u00c9 assim que vamos dar condi\u00e7\u00f5es para que os produtores levem uma vida boa, com entrada de recursos saud\u00e1veis, e consigam manter seus filhos nas propriedades\u201d.<\/span><\/p>\n<p><span style=\"color: #000000;\">A primeira-dama do estado e secret\u00e1ria de Assist\u00eancia Social e Desenvolvimento (Seas), Luana Rocha, que realiza em parceria com a Emater-RO assist\u00eancia \u00e0s gestantes do campo por meio do programa \u201cMam\u00e3e Cheguei\u201d, tamb\u00e9m avaliou positivamente os reflexos do trabalho da Emater-RO junto \u00e0s fam\u00edlias agr\u00edcolas. \u201cParab\u00e9ns a Emater por essa atividade t\u00e3o bonita que \u00e9 levar ao campo conhecimento e tecnologia para que os produtores consigam desenvolver suas produ\u00e7\u00f5es agr\u00edcolas\u201d, disse Luana ao lembrar da import\u00e2ncia da assist\u00eancia da Emater-RO aos pais, que eram agricultores.<\/span><\/p>\n<figure id=\"attachment_10889\" aria-describedby=\"caption-attachment-10889\" style=\"width: 870px\" class=\"wp-caption aligncenter\"><img decoding=\"async\" loading=\"lazy\" class=\"size-full wp-image-10889\" src=\"http:\/\/www.emater.ro.gov.br\/ematerro\/wp-content\/uploads\/2021\/09\/20210901-comemoracao-50-anos-da-emater-31-08-2021-foto-esio-mendes-4-870x580.jpg\" alt=\"Houve a distribui\u00e7\u00e3o de mudas nativas ao p\u00fablico presente na solenidade.\" width=\"870\" height=\"580\" srcset=\"http:\/\/www.emater.ro.gov.br\/ematerro\/wp-content\/uploads\/2021\/09\/20210901-comemoracao-50-anos-da-emater-31-08-2021-foto-esio-mendes-4-870x580.jpg 870w, http:\/\/www.emater.ro.gov.br\/ematerro\/wp-content\/uploads\/2021\/09\/20210901-comemoracao-50-anos-da-emater-31-08-2021-foto-esio-mendes-4-870x580-300x200.jpg 300w, http:\/\/www.emater.ro.gov.br\/ematerro\/wp-content\/uploads\/2021\/09\/20210901-comemoracao-50-anos-da-emater-31-08-2021-foto-esio-mendes-4-870x580-768x512.jpg 768w, http:\/\/www.emater.ro.gov.br\/ematerro\/wp-content\/uploads\/2021\/09\/20210901-comemoracao-50-anos-da-emater-31-08-2021-foto-esio-mendes-4-870x580-480x320.jpg 480w\" sizes=\"(max-width: 870px) 100vw, 870px\" \/><figcaption id=\"caption-attachment-10889\" class=\"wp-caption-text\"><em>Houve a distribui\u00e7\u00e3o de mudas nativas ao p\u00fablico presente na solenidade.<\/em><\/figcaption><\/figure>\n<p><span style=\"color: #000000;\">A secret\u00e1ria ainda anunciou que em breve o resultado da parceria com a Emater-RO ser\u00e1 vista na primeira miss\u00e3o de entrega de kit de enxoval do Mam\u00e3e Cheguei para gestantes moradoras do distrito de Extrema.<\/span><\/p>\n<p><span style=\"color: #000000;\">O presidente da Emater-RO, Luciano Brand\u00e3o, pontuou os investimentos na reestrutura\u00e7\u00e3o da Emater-RO. \u201cA Emater ajudou a desbravar Rond\u00f4nia, um trabalho \u00e1rduo que contribuiu para produtores crescerem junto com o estado de Rond\u00f4nia e para o desenvolvimento das cadeias produtivas. Hoje somos refer\u00eancia, por exemplo, na cafeicultura, na pecu\u00e1ria, no cacau, na piscicultura. Agrade\u00e7o ao governo por ter entendido essa hist\u00f3ria e ter buscado a reestrutura\u00e7\u00e3o da Emater. Desde 2019 para c\u00e1, foram mais de R$ 30 milh\u00f5es investidos. N\u00e3o houve nos \u00faltimos governos, quem investisse tanto assim\u201d.<\/span><\/p>\n<p><span style=\"color: #000000;\">Luciano pontuou que na semana passada foram empenhados 98 ve\u00edculos para Emater-RO, e foram entregues no ano passado outros 87 ve\u00edculos novos. Disse ainda que foram recuperadas as quatro usinas de nitrog\u00eanio. \u201cE j\u00e1 temos no or\u00e7amento, com autoriza\u00e7\u00e3o do nosso governador, a reforma de 63 escrit\u00f3rios, a troca de toda mob\u00edlia e de todos os computadores\u201d.<\/span><\/p>\n<p><span style=\"color: #000000;\">O secret\u00e1rio de Estado da Agricultura (Seagri) e presidente do Conselho Deliberativo da Emater-RO, Evandro Padovani, refor\u00e7ou que o agro tem sido fortalecido em Rond\u00f4nia. \u201cO Governo tem dado uma aten\u00e7\u00e3o especial \u00e0s secretarias envolvidas com o setor produtivo, e a gente fica muito feliz com os resultados, tivemos recorde no valor bruto da produ\u00e7\u00e3o agr\u00edcola, h\u00e1 melhoria nas condi\u00e7\u00f5es de trabalho, dinamismo, capacita\u00e7\u00f5es e tecnologia de ponta chegando no campo\u201d, considera.<\/span><\/p>\n<p><span style=\"color: #000000;\"><strong>GRATID\u00c3O<\/strong><\/span><br \/>\n<span style=\"color: #000000;\">A celebra\u00e7\u00e3o dos 50 anos da Emater-RO reuniu produtores rurais, servidores, secret\u00e1rios de estados, representantes de institui\u00e7\u00f5es parceiras e parlamentares. Um p\u00fablico diverso, mas um \u00fanico sentimento: gratid\u00e3o. A cerim\u00f4nia transformou-se em uma grande festa com direito a participa\u00e7\u00e3o da banda da Pol\u00edcia Militar que cantou o Hino de Rond\u00f4nia e tamb\u00e9m \u201cParab\u00e9ns\u201d a Emater-RO.<\/span><\/p>\n<figure id=\"attachment_10888\" aria-describedby=\"caption-attachment-10888\" style=\"width: 959px\" class=\"wp-caption aligncenter\"><img decoding=\"async\" loading=\"lazy\" class=\"size-full wp-image-10888\" src=\"http:\/\/www.emater.ro.gov.br\/ematerro\/wp-content\/uploads\/2021\/09\/20210901-50-anos_005-2.jpg\" alt=\"Jos\u00e9 Alves Pereira, 80 anos, foi o primeiro agricultor assistido pela Emater-RO em Rond\u00f4nia.\" width=\"959\" height=\"664\" srcset=\"http:\/\/www.emater.ro.gov.br\/ematerro\/wp-content\/uploads\/2021\/09\/20210901-50-anos_005-2.jpg 959w, http:\/\/www.emater.ro.gov.br\/ematerro\/wp-content\/uploads\/2021\/09\/20210901-50-anos_005-2-300x208.jpg 300w, http:\/\/www.emater.ro.gov.br\/ematerro\/wp-content\/uploads\/2021\/09\/20210901-50-anos_005-2-768x532.jpg 768w\" sizes=\"(max-width: 959px) 100vw, 959px\" \/><figcaption id=\"caption-attachment-10888\" class=\"wp-caption-text\">Jos\u00e9 Alves Pereira, 80 anos, foi o primeiro agricultor assistido pela Emater-RO em Rond\u00f4nia.<\/figcaption><\/figure>\n<p><span style=\"color: #000000;\">Com o slogan: \u201cEu fa\u00e7o parte dessa hist\u00f3ria\u201d, a abertura da celebra\u00e7\u00e3o foi marcada pela apresenta\u00e7\u00e3o de v\u00eddeos de agricultores de diversos munic\u00edpios de Rond\u00f4nia que relataram a gratid\u00e3o pela assist\u00eancia recebida. A Emater-RO possui 85 unidades presentes em todos os munic\u00edpios rondonienses.<\/span><\/p>\n<p><span style=\"color: #000000;\">Ela faz parte da hist\u00f3ria de muita gente e muita gente faz parte da hist\u00f3ria da Emater-RO, como o agricultor Jos\u00e9 Alves Pereira, 80 anos. Ele foi o primeiro agricultor assistido pela Emater-RO em Rond\u00f4nia. Natural do Cear\u00e1, chegou em Porto Velho em 1971. \u201cPlantava desde feij\u00e3o de praia a mel\u00e3o\u201d, conta sorridente ao relembrar a \u00e9poca. Atualmente, ele reside em Ariquemes e os neg\u00f3cios rurais, concentrados na cria\u00e7\u00e3o de gado, est\u00e3o na responsabilidade do filho.<\/span><\/p>\n<p><span style=\"color: #000000;\">Jos\u00e9 revelou que ficou muito feliz de ter sido lembrado e convidado pela celebra\u00e7\u00e3o dos 50 anos da Emater-RO. \u201cA Emater faz parte da minha fam\u00edlia, eles sempre lembram de mim, e quando venho a Porto Velho visito eles. Fiz muitos amigos\u201d, afirma. Se de um lado os produtores est\u00e3o felizes, do outro, os servidores tamb\u00e9m carregam em suas trajet\u00f3rias a satisfa\u00e7\u00e3o de terem evolu\u00eddo e ajudado no progresso do Estado.<\/span><\/p>\n<figure id=\"attachment_10892\" aria-describedby=\"caption-attachment-10892\" style=\"width: 4512px\" class=\"wp-caption aligncenter\"><img decoding=\"async\" loading=\"lazy\" class=\"size-full wp-image-10892\" src=\"http:\/\/www.emater.ro.gov.br\/ematerro\/wp-content\/uploads\/2021\/09\/20210901-50-anos_003.jpg\" alt=\"Celebra\u00e7\u00e3o dos 50 anos da Emater foi realizado no no Pal\u00e1cio Rio Madeira, sede do Governo de Rond\u00f4nia.\" width=\"4512\" height=\"2820\" srcset=\"http:\/\/www.emater.ro.gov.br\/ematerro\/wp-content\/uploads\/2021\/09\/20210901-50-anos_003.jpg 4512w, http:\/\/www.emater.ro.gov.br\/ematerro\/wp-content\/uploads\/2021\/09\/20210901-50-anos_003-300x188.jpg 300w, http:\/\/www.emater.ro.gov.br\/ematerro\/wp-content\/uploads\/2021\/09\/20210901-50-anos_003-768x480.jpg 768w, http:\/\/www.emater.ro.gov.br\/ematerro\/wp-content\/uploads\/2021\/09\/20210901-50-anos_003-1024x640.jpg 1024w\" sizes=\"(max-width: 4512px) 100vw, 4512px\" \/><figcaption id=\"caption-attachment-10892\" class=\"wp-caption-text\"><\/em> <em>Celebra\u00e7\u00e3o dos 50 anos da Emater-RO foi realizado no no Pal\u00e1cio Rio Madeira, sede do Governo de Rond\u00f4nia.<\/em><\/figcaption><\/figure>\n<p><span style=\"color: #000000;\">A economista Lucimar Menezes contou a satisfa\u00e7\u00e3o de ter a trajet\u00f3ria de vida marcada pela Emater-RO. \u201cTenho uma vida extensa na Emater, comecei no setor administrativo, e a Emater me deu condi\u00e7\u00f5es de estudar, fazer mestrado, passei a constituir fam\u00edlia, criei meus filhos que est\u00e3o todos formados, e me permitiu contribuir com o estado. A Emater representa a minha vida, foi onde encontrei oportunidade\u201d.<\/span><\/p>\n<p><span style=\"color: #000000;\">A solenidade ainda foi marcada por um momento de sil\u00eancio por todos os servidores da Emater-RO que se foram na pandemia, acometidos pela covid-19. E houve a distribui\u00e7\u00e3o de mudas nativas ao p\u00fablico presente, sendo elas das esp\u00e9cies Birib\u00e1, Jaca, Andiroba, Ing\u00e1, A\u00e7a\u00ed, Jenipapo, Jenipapo Liso, Seringueira, Ing\u00e1 Nativo, Ing\u00e1 do Mato, Arapari; Buriti, Rambotam, Angelim Saia, Caja-Tapereb\u00e1, Pitomba, Peito de Pombo.<\/span><\/p>\n<p><span style=\"color: #000000;\">Estiveram na cerim\u00f4nia o l\u00edder do governo na Assembleia Legislativa, Luizinho Goebel, o deputado estadual, Chiquinho da Emater, que representou no dispositivo de autoridades todos os ex-presidentes da Emater-RO, presentes na solenidade, o deputado estadual Adelino Follador, al\u00e9m dos representantes da associa\u00e7\u00e3o e sindicato dos servidores da Emater-RO.<\/span><\/p>\n<h6 style=\"text-align: right;\"><em><span style=\"color: #008000;\">Texto: Vanessa Moura<\/span><\/em><br \/>\n<em><span style=\"color: #008000;\">Fotos: Irene Mendes, \u00c9sio Mendes, Robson Paiva<\/span><\/em><br \/>\n<em><span style=\"color: #008000;\">Secom &#8211; Governo de Rond\u00f4nia \/ EMATER-RO<\/span><\/em><\/h6>\n","protected":false},"excerpt":{"rendered":"<p>Os 50 anos da Entidade Aut\u00e1rquica Estadual de Assist\u00eancia T\u00e9cnica e Extens\u00e3o Rural do Estado de Rond\u00f4nia (Emater-RO) foram comemorados em uma celebra\u00e7\u00e3o hist\u00f3rica realizada pelo Governo de Rond\u00f4nia na [&hellip;]<\/p>\n","protected":false},"author":9,"featured_media":10883,"comment_status":"closed","ping_status":"closed","sticky":false,"template":"","format":"standard","meta":[],"categories":[10,9,12],"tags":[135,651,30,647,650],"_links":{"self":[{"href":"http:\/\/www.emater.ro.gov.br\/ematerro\/wp-json\/wp\/v2\/posts\/10878"}],"collection":[{"href":"http:\/\/www.emater.ro.gov.br\/ematerro\/wp-json\/wp\/v2\/posts"}],"about":[{"href":"http:\/\/www.emater.ro.gov.br\/ematerro\/wp-json\/wp\/v2\/types\/post"}],"author":[{"embeddable":true,"href":"http:\/\/www.emater.ro.gov.br\/ematerro\/wp-json\/wp\/v2\/users\/9"}],"replies":[{"embeddable":true,"href":"http:\/\/www.emater.ro.gov.br\/ematerro\/wp-json\/wp\/v2\/comments?post=10878"}],"version-history":[{"count":8,"href":"http:\/\/www.emater.ro.gov.br\/ematerro\/wp-json\/wp\/v2\/posts\/10878\/revisions"}],"predecessor-version":[{"id":10894,"href":"http:\/\/www.emater.ro.gov.br\/ematerro\/wp-json\/wp\/v2\/posts\/10878\/revisions\/10894"}],"wp:featuredmedia":[{"embeddable":true,"href":"http:\/\/www.emater.ro.gov.br\/ematerro\/wp-json\/wp\/v2\/media\/10883"}],"wp:attachment":[{"href":"http:\/\/www.emater.ro.gov.br\/ematerro\/wp-json\/wp\/v2\/media?parent=10878"}],"wp:term":[{"taxonomy":"category","embeddable":true,"href":"http:\/\/www.emater.ro.gov.br\/ematerro\/wp-json\/wp\/v2\/categories?post=10878"},{"taxonomy":"post_tag","embeddable":true,"href":"http:\/\/www.emater.ro.gov.br\/ematerro\/wp-json\/wp\/v2\/tags?post=10878"}],"curies":[{"name":"wp","href":"https:\/\/api.w.org\/{rel}","templated":true}]}}