{"id":10861,"date":"2021-08-31T11:37:29","date_gmt":"2021-08-31T15:37:29","guid":{"rendered":"http:\/\/www.emater.ro.gov.br\/ematerro\/?p=10861"},"modified":"2021-08-31T11:37:29","modified_gmt":"2021-08-31T15:37:29","slug":"tecnicos-da-emater-ro-e-piscicultores-da-zona-da-mata-recebem-capacitacao-por-meio-do-programa-peixe-saudavel","status":"publish","type":"post","link":"http:\/\/www.emater.ro.gov.br\/ematerro\/2021\/08\/31\/tecnicos-da-emater-ro-e-piscicultores-da-zona-da-mata-recebem-capacitacao-por-meio-do-programa-peixe-saudavel\/","title":{"rendered":"T\u00e9cnicos da Emater-RO e piscicultores da Zona da Mata recebem capacita\u00e7\u00e3o por meio do programa \u201cPeixe Saud\u00e1vel\u201d"},"content":{"rendered":"<figure id=\"attachment_10867\" aria-describedby=\"caption-attachment-10867\" style=\"width: 1128px\" class=\"wp-caption aligncenter\"><img decoding=\"async\" loading=\"lazy\" class=\"size-full wp-image-10867\" src=\"http:\/\/www.emater.ro.gov.br\/ematerro\/wp-content\/uploads\/2021\/08\/20210831-laboratorio_movel_peixe_saudavel_3_emater-870x580-1.jpg\" alt=\"Laborat\u00f3rios m\u00f3veis do programa \u201cPeixe Saud\u00e1vel\u201d visitam v\u00e1rios munic\u00edpios de Rond\u00f4nia.\" width=\"1128\" height=\"709\" srcset=\"http:\/\/www.emater.ro.gov.br\/ematerro\/wp-content\/uploads\/2021\/08\/20210831-laboratorio_movel_peixe_saudavel_3_emater-870x580-1.jpg 1128w, http:\/\/www.emater.ro.gov.br\/ematerro\/wp-content\/uploads\/2021\/08\/20210831-laboratorio_movel_peixe_saudavel_3_emater-870x580-1-300x189.jpg 300w, http:\/\/www.emater.ro.gov.br\/ematerro\/wp-content\/uploads\/2021\/08\/20210831-laboratorio_movel_peixe_saudavel_3_emater-870x580-1-768x483.jpg 768w, http:\/\/www.emater.ro.gov.br\/ematerro\/wp-content\/uploads\/2021\/08\/20210831-laboratorio_movel_peixe_saudavel_3_emater-870x580-1-1024x644.jpg 1024w\" sizes=\"(max-width: 1128px) 100vw, 1128px\" \/><figcaption id=\"caption-attachment-10867\" class=\"wp-caption-text\">Laborat\u00f3rios m\u00f3veis do programa \u201cPeixe Saud\u00e1vel\u201d visitam v\u00e1rios munic\u00edpios de Rond\u00f4nia.<\/figcaption><\/figure>\n<p>Com a finalidade de fomentar a sanidade aqu\u00edcola do Estado, o Governo de Rond\u00f4nia, por meio da Secretaria de Estado da Agricultura (Seagri), vem coordenando os laborat\u00f3rios m\u00f3veis do programa \u201cPeixe Saud\u00e1vel\u201d em todo o Estado. As incurs\u00f5es dos ve\u00edculos equipados levam profissionais do setor para realizarem an\u00e1lises da qualidade dos peixes e da \u00e1gua, al\u00e9m de oferecer outros servi\u00e7os de capacita\u00e7\u00e3o e experi\u00eancia t\u00e9cnica.<\/p>\n<p>Por meio dos laborat\u00f3rios, t\u00e9cnicos e piscicultores s\u00e3o preparados, al\u00e9m da atua\u00e7\u00e3o para que empreendimentos relacionados a produ\u00e7\u00e3o aqu\u00edcola superem as pend\u00eancias legais, a fim de obterem a regulariza\u00e7\u00e3o ambiental definitiva.<\/p>\n<p>O \u201cPeixe Saud\u00e1vel\u201d j\u00e1 passou pelas regi\u00f5es do Cone Sul, Rio Machado e est\u00e1 agora na Zona da Mata, atendendo inicialmente, o munic\u00edpio de Rolim de Moura com servi\u00e7os de coleta, conserva\u00e7\u00e3o e an\u00e1lise de amostras de \u00e1gua e peixes. Tamb\u00e9m s\u00e3o ministradas palestras sobre boas pr\u00e1ticas de manejo, aprimorando o conhecimento de aquicultores. O programa abrange as demais cidades do Estado por onde o labortat\u00f3rio m\u00f3vel passa.<\/p>\n<p>Al\u00e9m da coordena\u00e7\u00e3o, a Seagri foi respons\u00e1vel por conceber os laborat\u00f3rios que, por sua vez, foram adquiridos com recursos da Superintend\u00eancia Estadual Desenvolvimento Econ\u00f4mico e Infraestrutura (Sedi) e do Fundo de Investimento e Desenvolvimento Industrial do Estado de Rond\u00f4nia (Fider), via descentraliza\u00e7\u00e3o \u00e0 Entidade Aut\u00e1rquica de Assist\u00eancia T\u00e9cnica e Extens\u00e3o Rural do Estado de Rond\u00f4nia (Emater). O pr\u00f3ximo territ\u00f3rio a ser visitado pelos laborat\u00f3rios m\u00f3veis ser\u00e1 o Vale do Guapor\u00e9, com data a ser confirmada.<\/p>\n<p>\u00c0 frente da miss\u00e3o, est\u00e3o os t\u00e9cnicos da Emater -RO, Vin\u00edcius Peres Pedroti e Bruna Lucieny Temponi dos Santos. Pedroti, da Regional de Ariquemes, \u00e9 engenheiro de pesca; Lucieny, engenheira agr\u00f4noma especialista em piscicultura.<\/p>\n<figure id=\"attachment_10866\" aria-describedby=\"caption-attachment-10866\" style=\"width: 400px\" class=\"wp-caption alignright\"><img decoding=\"async\" loading=\"lazy\" class=\"wp-image-10866\" src=\"http:\/\/www.emater.ro.gov.br\/ematerro\/wp-content\/uploads\/2021\/08\/20210831-laboratorio-movel-peixe-saudavel-8-ematerfotos-alexandre-juliatti-venturoso-26-08-21-1-570x380.jpg\" alt=\"T\u00e9cnico demonstra manejo eficaz do peixe.\" width=\"400\" height=\"251\" srcset=\"http:\/\/www.emater.ro.gov.br\/ematerro\/wp-content\/uploads\/2021\/08\/20210831-laboratorio-movel-peixe-saudavel-8-ematerfotos-alexandre-juliatti-venturoso-26-08-21-1-570x380.jpg 1128w, http:\/\/www.emater.ro.gov.br\/ematerro\/wp-content\/uploads\/2021\/08\/20210831-laboratorio-movel-peixe-saudavel-8-ematerfotos-alexandre-juliatti-venturoso-26-08-21-1-570x380-300x189.jpg 300w, http:\/\/www.emater.ro.gov.br\/ematerro\/wp-content\/uploads\/2021\/08\/20210831-laboratorio-movel-peixe-saudavel-8-ematerfotos-alexandre-juliatti-venturoso-26-08-21-1-570x380-768x483.jpg 768w, http:\/\/www.emater.ro.gov.br\/ematerro\/wp-content\/uploads\/2021\/08\/20210831-laboratorio-movel-peixe-saudavel-8-ematerfotos-alexandre-juliatti-venturoso-26-08-21-1-570x380-1024x644.jpg 1024w\" sizes=\"(max-width: 400px) 100vw, 400px\" \/><figcaption id=\"caption-attachment-10866\" class=\"wp-caption-text\"><em>T\u00e9cnico demonstra manejo eficaz do peixe.<\/em><\/figcaption><\/figure>\n<p>Eles deixam claro que essas miss\u00f5es t\u00eam o objetivo de auxiliar os t\u00e9cnicos dos escrit\u00f3rios locais na regulariza\u00e7\u00e3o dos empreendimentos de piscicultura, fazendo an\u00e1lises sobre eventuais pend\u00eancias junto \u00e0 Secretaria de Estado do Desenvolvimento Ambiental (Sedam).<br \/>\nO programa pretende levar os conceitos de boas pr\u00e1ticas de manejo aos piscicultores ao mesmo tempo em que promove capacita\u00e7\u00e3o continuada aos t\u00e9cnicos da Emater-RO que atendem os produtores do setor. \u201cCom esse trabalho a gente capacita nosso corpo t\u00e9cnico. E com isso n\u00f3s aumentamos o n\u00edvel de atendimento aos piscicultores. S\u00e3o orienta\u00e7\u00f5es de manejos b\u00e1sicos, boas pr\u00e1ticas de produ\u00e7\u00e3o. O produtor, recebendo as orienta\u00e7\u00f5es t\u00e9cnicas e as aplicando, pode desenvolver melhor sua produtividade\u201d, declarou Bruna Lucieny.<\/p>\n<p>Vin\u00edcius Pedroti revelou o desenvolvimento dos servi\u00e7os relacionados ao laborat\u00f3rio m\u00f3vel ligado ao programa \u201cPeixe Saud\u00e1vel\u201d abordando como as propriedades s\u00e3o escolhidas para serem atendidas.<\/p>\n<p><img decoding=\"async\" loading=\"lazy\" class=\"alignleft wp-image-10869\" src=\"http:\/\/www.emater.ro.gov.br\/ematerro\/wp-content\/uploads\/2021\/08\/20210831-laboratorio_movel_peixe_saudavel_8_emater-570x428-1.jpg\" alt=\"Laboratorio_Movel_Peixe_Saudavel_8_EMATER-570x428\" width=\"400\" height=\"300\" srcset=\"http:\/\/www.emater.ro.gov.br\/ematerro\/wp-content\/uploads\/2021\/08\/20210831-laboratorio_movel_peixe_saudavel_8_emater-570x428-1.jpg 570w, http:\/\/www.emater.ro.gov.br\/ematerro\/wp-content\/uploads\/2021\/08\/20210831-laboratorio_movel_peixe_saudavel_8_emater-570x428-1-300x225.jpg 300w\" sizes=\"(max-width: 400px) 100vw, 400px\" \/>\u201cAs propriedades s\u00e3o selecionadas a partir do escrit\u00f3rio local da Emater-RO e com isso o t\u00e9cnico vai at\u00e9 a regi\u00e3o onde h\u00e1 a realiza\u00e7\u00e3o do atendimento ao produtor ao mesmo tempo em que capacitamos os colegas\u201d, acrescentou.<\/p>\n<p>Alexandre Juliatti Venturoso, gerente regional da Emater-RO na Zona da Mata \u00e9 um dos respons\u00e1veis por acompanhar a equipe do programa nas propriedades na regi\u00e3o, ela detalha que, \u201cesta semana estamos recebendo a equipe de trabalho dos laborat\u00f3rios m\u00f3veis da piscicultura, passando pelos munic\u00edpios de Rolim de Moura, Santa Luzia d\u2019Oeste, Alta Floresta d\u2019Oeste, Novo Horizonte e Nova Brasil\u00e2ndia. A empreitada tem sido um sucesso sob o ponto de vista t\u00e9cnico porque t\u00e9cnicos e produtores est\u00e3o muito satisfeitos, aprendendo de maneira objetiva a lidar tanto com \u00e1gua quanto com o peixe\u201d, finalizou.<\/p>\n<h6 style=\"text-align: right;\">\n<span style=\"color: #008000;\"><em>Texto: Vinicius Canova <\/em><\/span><br \/>\n<span style=\"color: #008000;\"><em>Fotos: Alexandre Juliatti Venturoso<\/em><\/span><br \/>\n<span style=\"color: #008000;\"><em>Secom &#8211; Governo de Rond\u00f4nia<\/em><\/span><\/h6>\n","protected":false},"excerpt":{"rendered":"<p>Com a finalidade de fomentar a sanidade aqu\u00edcola do Estado, o Governo de Rond\u00f4nia, por meio da Secretaria de Estado da Agricultura (Seagri), vem coordenando os laborat\u00f3rios m\u00f3veis do programa [&hellip;]<\/p>\n","protected":false},"author":9,"featured_media":10867,"comment_status":"closed","ping_status":"closed","sticky":false,"template":"","format":"standard","meta":[],"categories":[10,9,12],"tags":[],"_links":{"self":[{"href":"http:\/\/www.emater.ro.gov.br\/ematerro\/wp-json\/wp\/v2\/posts\/10861"}],"collection":[{"href":"http:\/\/www.emater.ro.gov.br\/ematerro\/wp-json\/wp\/v2\/posts"}],"about":[{"href":"http:\/\/www.emater.ro.gov.br\/ematerro\/wp-json\/wp\/v2\/types\/post"}],"author":[{"embeddable":true,"href":"http:\/\/www.emater.ro.gov.br\/ematerro\/wp-json\/wp\/v2\/users\/9"}],"replies":[{"embeddable":true,"href":"http:\/\/www.emater.ro.gov.br\/ematerro\/wp-json\/wp\/v2\/comments?post=10861"}],"version-history":[{"count":3,"href":"http:\/\/www.emater.ro.gov.br\/ematerro\/wp-json\/wp\/v2\/posts\/10861\/revisions"}],"predecessor-version":[{"id":10872,"href":"http:\/\/www.emater.ro.gov.br\/ematerro\/wp-json\/wp\/v2\/posts\/10861\/revisions\/10872"}],"wp:featuredmedia":[{"embeddable":true,"href":"http:\/\/www.emater.ro.gov.br\/ematerro\/wp-json\/wp\/v2\/media\/10867"}],"wp:attachment":[{"href":"http:\/\/www.emater.ro.gov.br\/ematerro\/wp-json\/wp\/v2\/media?parent=10861"}],"wp:term":[{"taxonomy":"category","embeddable":true,"href":"http:\/\/www.emater.ro.gov.br\/ematerro\/wp-json\/wp\/v2\/categories?post=10861"},{"taxonomy":"post_tag","embeddable":true,"href":"http:\/\/www.emater.ro.gov.br\/ematerro\/wp-json\/wp\/v2\/tags?post=10861"}],"curies":[{"name":"wp","href":"https:\/\/api.w.org\/{rel}","templated":true}]}}