{"id":10745,"date":"2021-08-11T10:46:18","date_gmt":"2021-08-11T14:46:18","guid":{"rendered":"http:\/\/www.emater.ro.gov.br\/ematerro\/?p=10745"},"modified":"2021-08-13T18:44:34","modified_gmt":"2021-08-13T22:44:34","slug":"governo-estende-programa-mamae-cheguei-para-mulheres-da-zona-rural","status":"publish","type":"post","link":"http:\/\/www.emater.ro.gov.br\/ematerro\/2021\/08\/11\/governo-estende-programa-mamae-cheguei-para-mulheres-da-zona-rural\/","title":{"rendered":"Governo intensifica programa \u201cMam\u00e3e Cheguei\u201d para zona rural dos munic\u00edpios"},"content":{"rendered":"<figure id=\"attachment_10756\" aria-describedby=\"caption-attachment-10756\" style=\"width: 1024px\" class=\"wp-caption aligncenter\"><img decoding=\"async\" loading=\"lazy\" class=\"wp-image-10756 size-large\" src=\"http:\/\/www.emater.ro.gov.br\/ematerro\/wp-content\/uploads\/2021\/08\/20210811-termo-emater-seas-mamae-cheguei-10ago2021-robson-paiva-3-1024x640.jpg\" alt=\"Com a efetiva\u00e7\u00e3o da parceria, as futuras mam\u00e3es poder\u00e3o ser assistidas durante a sua gesta\u00e7\u00e3o.\" width=\"1024\" height=\"640\" srcset=\"http:\/\/www.emater.ro.gov.br\/ematerro\/wp-content\/uploads\/2021\/08\/20210811-termo-emater-seas-mamae-cheguei-10ago2021-robson-paiva-3-1024x640.jpg 1024w, http:\/\/www.emater.ro.gov.br\/ematerro\/wp-content\/uploads\/2021\/08\/20210811-termo-emater-seas-mamae-cheguei-10ago2021-robson-paiva-3-300x187.jpg 300w, http:\/\/www.emater.ro.gov.br\/ematerro\/wp-content\/uploads\/2021\/08\/20210811-termo-emater-seas-mamae-cheguei-10ago2021-robson-paiva-3-768x480.jpg 768w\" sizes=\"(max-width: 1024px) 100vw, 1024px\" \/><figcaption id=\"caption-attachment-10756\" class=\"wp-caption-text\"><em>Com a efetiva\u00e7\u00e3o da parceria, as futuras mam\u00e3es poder\u00e3o ser assistidas durante a sua gesta\u00e7\u00e3o.<\/em><\/figcaption><\/figure>\n<p>O Termo de Coopera\u00e7\u00e3o assinado nesta ter\u00e7a-feira (10) entre a Entidade Aut\u00e1rquica de Assist\u00eancia T\u00e9cnica e Extens\u00e3o Rural (Emater-RO) e a Secretaria de Estado da Assist\u00eancia e do Desenvolvimento Social (Seas) vai beneficiar mulheres da zona rural nos 52 munic\u00edpios do estado. O programa \u201cMam\u00e3e Cheguei\u201d j\u00e1 vinha sendo executado no per\u00edmetro urbano e em junho deste ano, estendeu as atividades para as mulheres da zona rural na regi\u00e3o cone sul do estado. Com a efetiva\u00e7\u00e3o da parceria, as futuras mam\u00e3es ser\u00e3o assistidas durante a sua gesta\u00e7\u00e3o, por extensionistas das 74 unidades locais da Emater-RO.<\/p>\n<p>O programa \u201cMam\u00e3e Cheguei\u201d \u00e9 uma iniciativa do governo estadual que, por meio da Seas, levam aux\u00edlio e assist\u00eancia \u00e0s mulheres gestantes que se encontram em vulnerabilidade social. A parceria firmada com a Emater-RO vai permitir que essas a\u00e7\u00f5es cheguem a essas mulheres que j\u00e1 t\u00eam muita dificuldade de acesso aos programas de pol\u00edticas p\u00fablicas do estado. \u201cCom essa parceria firmada com a Emater, as extensionistas ir\u00e3o \u00e0s resid\u00eancias delas e, estando mais pr\u00f3ximo, poder\u00e3o prestar melhor atendimento\u201d, diz a secret\u00e1ria da Seas, Luana Rocha.<\/p>\n<p>Luciano Brand\u00e3o, diretor-presidente da Emater-RO, lembra que a parceria entre a autarquia e a Seas vem de longa data. \u201cRecentemente a Seas nos pediu aux\u00edlio para distribui\u00e7\u00e3o de m\u00e1scaras visando disseminar seu uso na preven\u00e7\u00e3o da covid-19 entre as fam\u00edlias rurais\u201d.<\/p>\n<figure id=\"attachment_10757\" aria-describedby=\"caption-attachment-10757\" style=\"width: 400px\" class=\"wp-caption alignleft\"><img decoding=\"async\" loading=\"lazy\" class=\"wp-image-10757\" src=\"http:\/\/www.emater.ro.gov.br\/ematerro\/wp-content\/uploads\/2021\/08\/20210811-termo-emater-seas-mamae-cheguei-10ago2021-robson-paiva-1.jpg\" alt=\"As fam\u00edlias receber\u00e3o um kit enxoval contendo roupinhas e pe\u00e7as necess\u00e1rias \u00e0s mam\u00e3es e aos beb\u00eas.\" width=\"400\" height=\"250\" srcset=\"http:\/\/www.emater.ro.gov.br\/ematerro\/wp-content\/uploads\/2021\/08\/20210811-termo-emater-seas-mamae-cheguei-10ago2021-robson-paiva-1.jpg 4321w, http:\/\/www.emater.ro.gov.br\/ematerro\/wp-content\/uploads\/2021\/08\/20210811-termo-emater-seas-mamae-cheguei-10ago2021-robson-paiva-1-300x188.jpg 300w, http:\/\/www.emater.ro.gov.br\/ematerro\/wp-content\/uploads\/2021\/08\/20210811-termo-emater-seas-mamae-cheguei-10ago2021-robson-paiva-1-768x480.jpg 768w, http:\/\/www.emater.ro.gov.br\/ematerro\/wp-content\/uploads\/2021\/08\/20210811-termo-emater-seas-mamae-cheguei-10ago2021-robson-paiva-1-1024x640.jpg 1024w\" sizes=\"(max-width: 400px) 100vw, 400px\" \/><figcaption id=\"caption-attachment-10757\" class=\"wp-caption-text\"><em>As fam\u00edlias receber\u00e3o um kit enxoval contendo roupinhas e pe\u00e7as necess\u00e1rias \u00e0s mam\u00e3es e aos beb\u00eas.<\/em><\/figcaption><\/figure>\n<p>Atrav\u00e9s do programa \u201cMam\u00e3e Cheguei\u201d, as futuras mam\u00e3es, al\u00e9m de receberem acompanhamento durante a gesta\u00e7\u00e3o, v\u00e3o ser orientadas a fazerem o pr\u00e9-natal para que elas possam ter um bom parto e que seus filhos nas\u00e7am com sa\u00fade. Essas fam\u00edlias receber\u00e3o tamb\u00e9m, um kit enxoval contendo roupinhas e pe\u00e7as necess\u00e1rias \u00e0s mam\u00e3es e aos beb\u00eas.<\/p>\n<p>\u201cPara ter acesso ao programa, \u00e9 preciso que a benefici\u00e1ria esteja inscrita no cadastro \u00fanico e acompanhadas pelo Sistema \u00danico de Sa\u00fade, o SUS\u201d, explica Luana, complementando que depois basta procurar um escrit\u00f3rio da Emater-RO mais pr\u00f3ximo para ser acompanhada pelos extensionistas.<\/p>\n<p>A secret\u00e1ria diz ainda, que al\u00e9m do programa \u201cMam\u00e3e Cheguei\u201d, a Emater-RO dever\u00e1 ser parceira no programa \u201cCrian\u00e7a Feliz +\u201d, que \u00e9 voltado para o fortalecimento da fam\u00edlia. \u201cA fam\u00edlia que \u00e9 acompanhada por esse programa recebe um aux\u00edlio de R$ 100,00 por m\u00eas e ela tamb\u00e9m precisa estar inscrita no CAD \u00fanico e acompanhada por uma rede de assist\u00eancia\u201d, finaliza.<\/p>\n<h6 style=\"text-align: right;\"><span style=\"color: #008000;\"><em>Texto: Wania Ressutti<\/em><\/span><br \/>\n<span style=\"color: #008000;\"><em>Jornalista \u2013 MTE-1744\/RO<\/em><\/span><br \/>\n<span style=\"color: #008000;\"><em>Fotos: Robson Paiva<\/em><\/span><br \/>\n<span style=\"color: #008000;\"><em>Rep\u00f3rter fotogr\u00e1fico \u2013 MTE-1337\/RO<\/em><\/span><br \/>\n<span style=\"color: #008000;\"><em>EMATER-RO<\/em><\/span><\/h6>\n","protected":false},"excerpt":{"rendered":"<p>O Termo de Coopera\u00e7\u00e3o assinado nesta ter\u00e7a-feira (10) entre a Entidade Aut\u00e1rquica de Assist\u00eancia T\u00e9cnica e Extens\u00e3o Rural (Emater-RO) e a Secretaria de Estado da Assist\u00eancia e do Desenvolvimento Social [&hellip;]<\/p>\n","protected":false},"author":9,"featured_media":10759,"comment_status":"closed","ping_status":"closed","sticky":false,"template":"","format":"standard","meta":[],"categories":[10,9,12],"tags":[45,640,639,575],"_links":{"self":[{"href":"http:\/\/www.emater.ro.gov.br\/ematerro\/wp-json\/wp\/v2\/posts\/10745"}],"collection":[{"href":"http:\/\/www.emater.ro.gov.br\/ematerro\/wp-json\/wp\/v2\/posts"}],"about":[{"href":"http:\/\/www.emater.ro.gov.br\/ematerro\/wp-json\/wp\/v2\/types\/post"}],"author":[{"embeddable":true,"href":"http:\/\/www.emater.ro.gov.br\/ematerro\/wp-json\/wp\/v2\/users\/9"}],"replies":[{"embeddable":true,"href":"http:\/\/www.emater.ro.gov.br\/ematerro\/wp-json\/wp\/v2\/comments?post=10745"}],"version-history":[{"count":3,"href":"http:\/\/www.emater.ro.gov.br\/ematerro\/wp-json\/wp\/v2\/posts\/10745\/revisions"}],"predecessor-version":[{"id":10784,"href":"http:\/\/www.emater.ro.gov.br\/ematerro\/wp-json\/wp\/v2\/posts\/10745\/revisions\/10784"}],"wp:featuredmedia":[{"embeddable":true,"href":"http:\/\/www.emater.ro.gov.br\/ematerro\/wp-json\/wp\/v2\/media\/10759"}],"wp:attachment":[{"href":"http:\/\/www.emater.ro.gov.br\/ematerro\/wp-json\/wp\/v2\/media?parent=10745"}],"wp:term":[{"taxonomy":"category","embeddable":true,"href":"http:\/\/www.emater.ro.gov.br\/ematerro\/wp-json\/wp\/v2\/categories?post=10745"},{"taxonomy":"post_tag","embeddable":true,"href":"http:\/\/www.emater.ro.gov.br\/ematerro\/wp-json\/wp\/v2\/tags?post=10745"}],"curies":[{"name":"wp","href":"https:\/\/api.w.org\/{rel}","templated":true}]}}