{"id":10718,"date":"2021-08-06T12:07:24","date_gmt":"2021-08-06T16:07:24","guid":{"rendered":"http:\/\/www.emater.ro.gov.br\/ematerro\/?p=10718"},"modified":"2021-08-06T12:07:24","modified_gmt":"2021-08-06T16:07:24","slug":"em-homenagem-ao-dia-dos-pais-filho-lembra-extensionista-rural-dado-como-morto-em-naufragio-e-reapareceu-5-meses-depois","status":"publish","type":"post","link":"http:\/\/www.emater.ro.gov.br\/ematerro\/2021\/08\/06\/em-homenagem-ao-dia-dos-pais-filho-lembra-extensionista-rural-dado-como-morto-em-naufragio-e-reapareceu-5-meses-depois\/","title":{"rendered":"Em homenagem ao Dia dos Pais, filho lembra extensionista rural dado como morto em naufr\u00e1gio e reapareceu 5 meses depois"},"content":{"rendered":"<figure id=\"attachment_10721\" aria-describedby=\"caption-attachment-10721\" style=\"width: 1128px\" class=\"wp-caption aligncenter\"><img decoding=\"async\" loading=\"lazy\" class=\"size-full wp-image-10721\" src=\"http:\/\/www.emater.ro.gov.br\/ematerro\/wp-content\/uploads\/2021\/08\/20210806-dia-dos-pais-emater-fotos-frank-nery-04-08-21-8-570x380.jpg\" alt=\"M\u00e1rcio Val\u00e9rio, da Emater, mostra no computador a p\u00e1gina que lembra a saga de seu pai, Paulo de Oliveira Maia, no Rio Guapor\u00e9.\" width=\"1128\" height=\"709\" srcset=\"http:\/\/www.emater.ro.gov.br\/ematerro\/wp-content\/uploads\/2021\/08\/20210806-dia-dos-pais-emater-fotos-frank-nery-04-08-21-8-570x380.jpg 1128w, http:\/\/www.emater.ro.gov.br\/ematerro\/wp-content\/uploads\/2021\/08\/20210806-dia-dos-pais-emater-fotos-frank-nery-04-08-21-8-570x380-300x189.jpg 300w, http:\/\/www.emater.ro.gov.br\/ematerro\/wp-content\/uploads\/2021\/08\/20210806-dia-dos-pais-emater-fotos-frank-nery-04-08-21-8-570x380-768x483.jpg 768w, http:\/\/www.emater.ro.gov.br\/ematerro\/wp-content\/uploads\/2021\/08\/20210806-dia-dos-pais-emater-fotos-frank-nery-04-08-21-8-570x380-1024x644.jpg 1024w\" sizes=\"(max-width: 1128px) 100vw, 1128px\" \/><figcaption id=\"caption-attachment-10721\" class=\"wp-caption-text\"><em>M\u00e1rcio Val\u00e9rio, da Emater, mostra no computador a p\u00e1gina que lembra a saga de seu pai, Paulo de Oliveira Maia, no Rio Guapor\u00e9.<\/em><\/figcaption><\/figure>\n<p>M\u00e1rcio Val\u00e9rio, 44 anos, funcion\u00e1rio do Governo de Rond\u00f4nia, lotado na Empresa Aut\u00e1rquica de Assist\u00eancia T\u00e9cnica e Extens\u00e3o Rural do Estado de Rond\u00f4nia (Emater-RO), guarda na mem\u00f3ria o inesperado retorno ao lar, do pai extensionista Paulo de Oliveira Maia, dado como morto em 1976, ap\u00f3s sair de casa para realizar um trabalho de fiscaliza\u00e7\u00e3o no Rio Guapor\u00e9, em Guajar\u00e1-Mirim, na fronteira brasileira com a Bol\u00edvia, e a embarca\u00e7\u00e3o onde estava naufragar. Paulinho, como era conhecido, escapara de morrer no naufr\u00e1gio, mas ningu\u00e9m sabia disso.<\/p>\n<p>\u201cS\u00e3o situa\u00e7\u00f5es at\u00edpicas, inusitadas, e quando aconteceu nos alegramos muito em fam\u00edlia, e muito nos orgulhamos da imagem dele, desde o come\u00e7o at\u00e9 o fim de sua longa dedica\u00e7\u00e3o ao trabalho\u201d, comenta M\u00e1rcio.<\/p>\n<p>A celebra\u00e7\u00e3o do Dia dos Pais re\u00fane hist\u00f3rias de afeto, admira\u00e7\u00e3o, servindo quase sempre para homenagens e resgates de hist\u00f3rias incr\u00edveis. Esta \u00e9 uma delas.<\/p>\n<p>Paulinho Maia saiu de Apodi, regi\u00e3o de Mossor\u00f3 (RN), e veio para Porto Velho em 1971, e come\u00e7ou a trabalhar na antiga Associa\u00e7\u00e3o de Assist\u00eancia e Cr\u00e9dito e Assist\u00eancia Rural de Rond\u00f4nia (Acar-RO). \u00c0 \u00e9poca, ele atendia aos seringalistas e seringueiros do extinto territ\u00f3rio federal. Segundo o filho, se vivesse nesta d\u00e9cada, certamente ele estaria em campo para auxiliar na produ\u00e7\u00e3o de borracha em algumas unidades de conserva\u00e7\u00e3o estaduais.<br \/>\nPaulinho casou-se com dona Lucimar, com quem teve quatro filhos: M\u00e1rcio Val\u00e9rio, 44, M\u00e1rcia Val\u00e9ria, 43, Ericson, 36, e \u00c9rica, 35. E jovem faleceu, aos 39 anos, em mar\u00e7o de 1990.<\/p>\n<p>O trabalho da Acar, e mais tarde da Associa\u00e7\u00e3o de Assist\u00eancia T\u00e9cnica e Extens\u00e3o (Aster) foi pioneiro no extinto territ\u00f3rio federal. Paulinho conviveu com outros expoentes do extensionismo rural, entre os quais, Luiz Carlos Coelho de Menezes, L\u00facia Matsuno e William Cury, entre outros. O jornalista Enoque de Oliveira lembra que, a exemplo de Paulinho, L\u00facia tamb\u00e9m veio do Rio Grande do Norte e em vida manifestou o desejo de ser sepultada em Porto Velho.<\/p>\n<p>A hist\u00f3ria da morte e vida de Paulo de Oliveira Maia se transformou na \u201cCr\u00f4nica da vida emateriana: extensionista que voltou do al\u00e9m\u201d. O precioso relato \u00e9 do jornalista Enoque de Oliveira, feito em 2018, no site da Emater-RO.<\/p>\n<p><strong>\u201cTodo extensionista tem hist\u00f3ria. Meu pai \u00e9 lembrado por essa, diferente, mas ele foi um homem que honrou a camisa da extens\u00e3o rural por longos anos\u201d<\/strong>, diz M\u00e1rcio Val\u00e9rio.<\/p>\n<p>Trecho da narrativa de Enoque a rea\u00e7\u00e3o da m\u00e3e de M\u00e1rcio Val\u00e9rio sobe o retorno de Paulinho: \u201cA vi\u00fava cumpria seu luto, enquanto amamentava seu filho, nascido depois da partida do pai que desaparecera em um naufr\u00e1gio no Rio Guapor\u00e9, durante uma miss\u00e3o extensionista, quando de repente, viu o referido surgir \u00e0 sua porta deixando-a em estado de choque.<\/p>\n<figure id=\"attachment_10720\" aria-describedby=\"caption-attachment-10720\" style=\"width: 450px\" class=\"wp-caption alignleft\"><img decoding=\"async\" loading=\"lazy\" class=\"wp-image-10720\" src=\"http:\/\/www.emater.ro.gov.br\/ematerro\/wp-content\/uploads\/2021\/08\/20210806-dia-dos-pais-emater-fotos-frank-nery-04-08-21-5-570x380.jpg\" alt=\"Hist\u00f3ria de Paulinho virou cr\u00f4nica e foi publicada no site da Emater-RO.\" width=\"450\" height=\"283\" srcset=\"http:\/\/www.emater.ro.gov.br\/ematerro\/wp-content\/uploads\/2021\/08\/20210806-dia-dos-pais-emater-fotos-frank-nery-04-08-21-5-570x380.jpg 1128w, http:\/\/www.emater.ro.gov.br\/ematerro\/wp-content\/uploads\/2021\/08\/20210806-dia-dos-pais-emater-fotos-frank-nery-04-08-21-5-570x380-300x189.jpg 300w, http:\/\/www.emater.ro.gov.br\/ematerro\/wp-content\/uploads\/2021\/08\/20210806-dia-dos-pais-emater-fotos-frank-nery-04-08-21-5-570x380-768x483.jpg 768w, http:\/\/www.emater.ro.gov.br\/ematerro\/wp-content\/uploads\/2021\/08\/20210806-dia-dos-pais-emater-fotos-frank-nery-04-08-21-5-570x380-1024x644.jpg 1024w\" sizes=\"(max-width: 450px) 100vw, 450px\" \/><figcaption id=\"caption-attachment-10720\" class=\"wp-caption-text\"><em>Hist\u00f3ria de Paulinho virou cr\u00f4nica e foi publicada no site da Emater-RO.<\/em><\/figcaption><\/figure>\n<p>Para entender esse realismo fant\u00e1stico, \u00e9 necess\u00e1rio contextualizar a \u00e9poca. Na d\u00e9cada de 1970 o t\u00e9cnico extensionista rural em Rond\u00f4nia tinha duas formas principais para se deslocar at\u00e9 as propriedades assistidas: poderia ir a bordo de um confort\u00e1vel jipe, com tr\u00eas ou quatro marchas, capota de lona, tra\u00e7\u00e3o nas quatro rodas e reduzida para sair dos atoleiros.<\/p>\n<p>A outra maneira era pegar uma canoa equipada com motor de popa. E em algumas situa\u00e7\u00f5es utilizavam-se tamb\u00e9m os barcos de transporte de passageiros, que ainda navegam pelo Rio Madeira e Rio Guapor\u00e9.<\/p>\n<p>Nos primeiros anos da extens\u00e3o rural em Rond\u00f4nia, os t\u00e9cnicos eram contratados em outros estados, recebiam a capacita\u00e7\u00e3o inicial chamada de pr\u00e9-servi\u00e7o e estavam prontos para ir a campo que, em Guajar\u00e1-Mirim, significava ir da sede do munic\u00edpio at\u00e9 o extremo sul do estado, onde hoje est\u00e1 localizada a cidade de Pimenteiras do Oeste.<\/p>\n<p>Para atender o programa oficial de assist\u00eancia t\u00e9cnica e extens\u00e3o rural voltado aos seringais nativos foi escalado o colega Paulo Maia, o Paulinho. Ele subia o Rio Guapor\u00e9 entrando em quase todos os afluentes para prestar assist\u00eancia t\u00e9cnica e fazer a supervis\u00e3o dos projetos de custeio contratados com os bancos conveniados com a Acar. As viagens geralmente demoravam mais de um m\u00eas at\u00e9 o retorno ao escrit\u00f3rio.<\/p>\n<p><strong>A VIAGEM<\/strong><br \/>\nNuma das primeiras viagens do ano de 1976, Paulinho se despediu da esposa, dona Lucimar, que estava gr\u00e1vida e embarcou em um barco de passageiros que subiria o Rio Guapor\u00e9 at\u00e9 o sul do estado, passando por Costa Marques e demais localidades. Dessa vez iria acompanhado de um t\u00e9cnico do Banco do Brasil de nome Djalma, mais conhecido como Grilo, que faria a fiscaliza\u00e7\u00e3o do cr\u00e9dito rural.<\/p>\n<p>A viagem era longa e entediante, mas eles n\u00e3o seguiam sempre no mesmo barco, precisavam descer nas localidades geralmente pr\u00f3ximas \u00e0 foz dos afluentes, onde alugavam embarca\u00e7\u00f5es pequenas para adentrar nos rios menores, onde estavam localizados os seringais. Para essas despesas, dispunham de um suprimento de fundo.<\/p>\n<p>Em uma dessas paradas, l\u00e1 pelas proximidades de Pedras Negras, compraram passagens em um barco que seguia pelo Rio Guapor\u00e9 para descer at\u00e9 a foz de um dos pequenos rios que dava entrada para o pr\u00f3ximo seringal a ser visitado. No entanto, antes de chegarem ao porto seguinte, encontraram a canoa com motor de popa que os levaria ao pr\u00f3ximo seringal. Desceram do barco grande e seguiram a rotina de atendimento aos produtores de borracha natural.<\/p>\n<p><strong>NAUFR\u00c1GIO<\/strong><br \/>\nPaulinho e Grilo demoraram nessa \u00e1rea atendendo diversos seringais. Em alguns deles, para chegar \u00e0s coloca\u00e7\u00f5es mais distantes, demorava mais de dois dias, n\u00e3o havia comunica\u00e7\u00e3o com o mundo exterior, nem com o escrit\u00f3rio, tampouco com a fam\u00edlia. Por causa do isolamento, n\u00e3o ficaram sabendo que o barco em que haviam percorrido o \u00faltimo trecho, naufragara matando diversos passageiros.<\/p>\n<p>A marinha e a pol\u00edcia fizeram as dilig\u00eancias no local do desastre resgatando os corpos, i\u00e7aram o barco e encontraram a lista de passageiros, em que constava os nomes de Paulo Maia e Djalma. Cumprido o prazo das buscas e n\u00e3o tendo encontrado os corpos de todos os desaparecidos constantes da lista de passageiros, aqueles n\u00e3o encontrados foram dados como mortos e comunicado o ocorrido aos familiares.<\/p>\n<p>A not\u00edcia deixou consternada toda a comunidade de extensionistas e, principalmente, as equipes de Guajar\u00e1-Mirim e Porto Velho, onde Paulinho havia trabalhado. O ent\u00e3o secret\u00e1rio executivo, Luiz Carlos Coelho de Menezes, determinou que se tomassem provid\u00eancias para prestar a assist\u00eancia necess\u00e1ria \u00e0 vi\u00fava e ao filho do extensionista, tragicamente desaparecido nas \u00e1guas do Rio Guapor\u00e9 e que fosse celebrada uma missa em inten\u00e7\u00e3o a alma do colega.<\/p>\n<p>O RETORNO<br \/>\nCinco meses e algumas semanas ap\u00f3s o in\u00edcio daquela viagem, que provocara tanta tristeza e saudade \u00e0 esposa e aos colegas da extens\u00e3o rural rondoniense, dona Lucimar, esposa de Paulinho, j\u00e1 havia voltado \u00e0 casa dos pais em Porto Velho. Certo dia, estava sentada amamentando seu filho, quando viu chegar a sua porta um homem de cabelos e barba grande. De imediato ficou assustada tentando reconhecer aquela fisionomia, quando o homem falou: \u201csou eu Lucimar, o Paulinho\u201d, ficou em estado de choque.<\/p>\n<p>Passado o susto, ela se levantou e abra\u00e7ou o esposo, ambos ficaram emocionados. Logo chegaram os parentes que avisaram os vizinhos e mandaram recados aos colegas da Aster-RO. Os amigos foram chegando e houve uma grande festa.<\/p>\n<p>O personagem principal dessa hist\u00f3ria \u00e9 o pai de M\u00e1rcio Val\u00e9rio, que trabalha na ger\u00eancia financeira do escrit\u00f3rio central da Emater-RO. Ele \u00e9 tamb\u00e9m a crian\u00e7a citada nessa hist\u00f3ria, que nasceu durante o per\u00edodo de desaparecimento do extensionista rural.<\/p>\n<h6 style=\"text-align: right;\">\n<em><span style=\"color: #008000;\">Texto: Montezuma Cruz e Enoque de Oliveira<\/span><\/em><br \/>\n<em><span style=\"color: #008000;\">Fotos: Frank N\u00e9ry<\/span><\/em><br \/>\n<em><span style=\"color: #008000;\">Secom &#8211; Governo de Rond\u00f4nia<\/span><\/em><\/h6>\n","protected":false},"excerpt":{"rendered":"<p>M\u00e1rcio Val\u00e9rio, 44 anos, funcion\u00e1rio do Governo de Rond\u00f4nia, lotado na Empresa Aut\u00e1rquica de Assist\u00eancia T\u00e9cnica e Extens\u00e3o Rural do Estado de Rond\u00f4nia (Emater-RO), guarda na mem\u00f3ria o inesperado retorno [&hellip;]<\/p>\n","protected":false},"author":9,"featured_media":10719,"comment_status":"closed","ping_status":"closed","sticky":false,"template":"","format":"standard","meta":[],"categories":[10,9,12],"tags":[],"_links":{"self":[{"href":"http:\/\/www.emater.ro.gov.br\/ematerro\/wp-json\/wp\/v2\/posts\/10718"}],"collection":[{"href":"http:\/\/www.emater.ro.gov.br\/ematerro\/wp-json\/wp\/v2\/posts"}],"about":[{"href":"http:\/\/www.emater.ro.gov.br\/ematerro\/wp-json\/wp\/v2\/types\/post"}],"author":[{"embeddable":true,"href":"http:\/\/www.emater.ro.gov.br\/ematerro\/wp-json\/wp\/v2\/users\/9"}],"replies":[{"embeddable":true,"href":"http:\/\/www.emater.ro.gov.br\/ematerro\/wp-json\/wp\/v2\/comments?post=10718"}],"version-history":[{"count":2,"href":"http:\/\/www.emater.ro.gov.br\/ematerro\/wp-json\/wp\/v2\/posts\/10718\/revisions"}],"predecessor-version":[{"id":10723,"href":"http:\/\/www.emater.ro.gov.br\/ematerro\/wp-json\/wp\/v2\/posts\/10718\/revisions\/10723"}],"wp:featuredmedia":[{"embeddable":true,"href":"http:\/\/www.emater.ro.gov.br\/ematerro\/wp-json\/wp\/v2\/media\/10719"}],"wp:attachment":[{"href":"http:\/\/www.emater.ro.gov.br\/ematerro\/wp-json\/wp\/v2\/media?parent=10718"}],"wp:term":[{"taxonomy":"category","embeddable":true,"href":"http:\/\/www.emater.ro.gov.br\/ematerro\/wp-json\/wp\/v2\/categories?post=10718"},{"taxonomy":"post_tag","embeddable":true,"href":"http:\/\/www.emater.ro.gov.br\/ematerro\/wp-json\/wp\/v2\/tags?post=10718"}],"curies":[{"name":"wp","href":"https:\/\/api.w.org\/{rel}","templated":true}]}}