{"id":10238,"date":"2021-05-31T12:44:15","date_gmt":"2021-05-31T16:44:15","guid":{"rendered":"http:\/\/www.emater.ro.gov.br\/ematerro\/?p=10238"},"modified":"2021-05-31T12:44:15","modified_gmt":"2021-05-31T16:44:15","slug":"compras-diretas-para-alimentacao-escolar-movimentam-27-toneladas-de-produtos-da-agricultura-familiar-em-espigao-do-oeste","status":"publish","type":"post","link":"http:\/\/www.emater.ro.gov.br\/ematerro\/2021\/05\/31\/compras-diretas-para-alimentacao-escolar-movimentam-27-toneladas-de-produtos-da-agricultura-familiar-em-espigao-do-oeste\/","title":{"rendered":"Compras diretas para alimenta\u00e7\u00e3o escolar movimentam 27 toneladas de produtos da agricultura familiar em Espig\u00e3o do Oeste"},"content":{"rendered":"<figure id=\"attachment_10239\" aria-describedby=\"caption-attachment-10239\" style=\"width: 1128px\" class=\"wp-caption aligncenter\"><img decoding=\"async\" loading=\"lazy\" class=\"wp-image-10239 size-full\" src=\"http:\/\/www.emater.ro.gov.br\/ematerro\/wp-content\/uploads\/2021\/05\/20210531-pnae-em-espigao-foto-erick-silva.jpg\" alt=\"Emater-RO e Seduc recebem a produ\u00e7\u00e3o agr\u00edcola destinada \u00e0 alimenta\u00e7\u00e3o escolar em Espig\u00e3o do Oeste.\" width=\"1128\" height=\"710\" srcset=\"http:\/\/www.emater.ro.gov.br\/ematerro\/wp-content\/uploads\/2021\/05\/20210531-pnae-em-espigao-foto-erick-silva.jpg 1128w, http:\/\/www.emater.ro.gov.br\/ematerro\/wp-content\/uploads\/2021\/05\/20210531-pnae-em-espigao-foto-erick-silva-300x189.jpg 300w, http:\/\/www.emater.ro.gov.br\/ematerro\/wp-content\/uploads\/2021\/05\/20210531-pnae-em-espigao-foto-erick-silva-768x483.jpg 768w, http:\/\/www.emater.ro.gov.br\/ematerro\/wp-content\/uploads\/2021\/05\/20210531-pnae-em-espigao-foto-erick-silva-1024x645.jpg 1024w\" sizes=\"(max-width: 1128px) 100vw, 1128px\" \/><figcaption id=\"caption-attachment-10239\" class=\"wp-caption-text\"><em>Emater-RO e Seduc recebem a produ\u00e7\u00e3o agr\u00edcola destinada \u00e0 alimenta\u00e7\u00e3o escolar em Espig\u00e3o do Oeste.<\/em><\/figcaption><\/figure>\n<p>Desde a semana passada, o Governo de Rond\u00f4nia, por meio da Secretaria de Estado da Educa\u00e7\u00e3o (Seduc) e a Entidade Aut\u00e1rquica de Assist\u00eancia T\u00e9cnica e Extens\u00e3o Rural (Emater-RO), movimentou 27,03 toneladas de produtos diversos adquiridos da agricultura familiar em Espig\u00e3o do Oeste, a 542 quil\u00f4metros de Porto Velho.<\/p>\n<p>O \u00eaxito da parceria intragovernamental em benef\u00edcio de produtores na divisa de Rond\u00f4nia com Mato Grosso j\u00e1 \u00e9 conhecido noutras regi\u00f5es do Estado. \u201cAs compras diretas resultaram em R$ 200 mil, consolidando um trabalho formiguinha que vai abrindo as portas para a venda direta \u00e0s escolas\u201d, comentou o t\u00e9cnico da Emater-RO, Erick Silva, sobre a valoriza\u00e7\u00e3o desses produtores.<\/p>\n<p>O m\u00e9todo de compras adotado \u00e9 o Programa Nacional de Alimenta\u00e7\u00e3o Escolar (Pnae), via Programa Estadual com o mesmo nome, no \u00e2mbito da Seduc. Os kits cont\u00e9m: banana prata, bolacha caseira com coco, farinha de mandioca, leite pasteurizado tipo C, mandioca in natura com casca, iogurte, inhame, laranja, p\u00e3o caseiro, polpa de acerola e fil\u00e9 de pirarucu.<\/p>\n<figure id=\"attachment_10241\" aria-describedby=\"caption-attachment-10241\" style=\"width: 400px\" class=\"wp-caption alignleft\"><img decoding=\"async\" loading=\"lazy\" class=\"wp-image-10241\" src=\"http:\/\/www.emater.ro.gov.br\/ematerro\/wp-content\/uploads\/2021\/05\/20210531-pnae-em-espigao_001-foto-esloc-espigao.jpg\" alt=\"As compras diretas resultaram em R$ 200 mil.\" width=\"400\" height=\"252\" srcset=\"http:\/\/www.emater.ro.gov.br\/ematerro\/wp-content\/uploads\/2021\/05\/20210531-pnae-em-espigao_001-foto-esloc-espigao.jpg 1128w, http:\/\/www.emater.ro.gov.br\/ematerro\/wp-content\/uploads\/2021\/05\/20210531-pnae-em-espigao_001-foto-esloc-espigao-300x189.jpg 300w, http:\/\/www.emater.ro.gov.br\/ematerro\/wp-content\/uploads\/2021\/05\/20210531-pnae-em-espigao_001-foto-esloc-espigao-768x483.jpg 768w, http:\/\/www.emater.ro.gov.br\/ematerro\/wp-content\/uploads\/2021\/05\/20210531-pnae-em-espigao_001-foto-esloc-espigao-1024x645.jpg 1024w\" sizes=\"(max-width: 400px) 100vw, 400px\" \/><figcaption id=\"caption-attachment-10241\" class=\"wp-caption-text\"><em>As compras diretas resultaram em R$ 200 mil.<\/em><\/figcaption><\/figure>\n<p>J\u00f4natas Adami, 25, se mostrou feliz em fornecer pela primeira vez 3,3 t de inhame chin\u00eas, muito utilizado para sopa, pur\u00ea e outros pratos. \u201cA lavoura foi salva\u201d, disse Erick Silva, lembrando que o Programa adquiriu o total de 4,3 t.<\/p>\n<p>O exemplo de Espig\u00e3o do Oeste j\u00e1 foi visto por produtores de Alvorada do Oeste e S\u00e3o Miguel do Guapor\u00e9, que tamb\u00e9m querem cultivar mais lavouras desse tub\u00e9rculo. O nutritivo inhame \u00e9 vendido no munic\u00edpio de Espig\u00e3o a R$ 5,98 o quilo.<\/p>\n<p>Ao ouvir o agradecimento do agricultor Rog\u00e9rio Butske, o t\u00e9cnico da Emater-RO reconheceu o esfor\u00e7o de cada um dos fornecedores e lembrou que o volume de dinheiro destinado \u00e0s compras (R$ 200 mil) fortalecer\u00e1 o com\u00e9rcio local.<\/p>\n<p>Segundo Erick, somando-se apenas as \u00e1reas de Adami e Butske, totalizam 12 hectares as lavouras de inhame. \u201cEm todas as \u00e1reas cultivadas por capixabas tem inhame\u201d, ele disse, antevendo a expans\u00e3o desse plantio e acrescentou: \u201cEscolas, produtores e pessoal envolvido com os programas nacional e estadual de alimenta\u00e7\u00e3o escolar merecem os parab\u00e9ns. Todos colaboram com o munic\u00edpio\u201d.<\/p>\n<p>Geraldo Galv\u00e3o Renier, 57, inicia a entrega de sua quota de mandioca, totalizando 300 quilos, mais 1,9 t de farinha. \u00c9dio Barbosa, 57, est\u00e1 satisfeito por ter comercializado aproximadamente 600 quilos de fil\u00e9 de tambaqui e de pirarucu para dez escolas, que ele fornece h\u00e1 cinco anos.<\/p>\n<p>Cinco produtores de banana vinham tendo dificuldade em escoar 5 t durante a pandemia, e, com o incentivo da Emater e Seduc, conseguiram vend\u00ea-las. Al\u00e9m disso, se associaram e obtiveram garantia de cr\u00e9dito banc\u00e1rio.<\/p>\n<h6 style=\"text-align: right;\">\n<em><span style=\"color: #008000;\">Texto: Montezuma Cruz<\/span><\/em><br \/>\n<em><span style=\"color: #008000;\">Fotos: Erick Silva e Fl\u00e1vio Gon\u00e7alves<\/span><\/em><br \/>\n<em><span style=\"color: #008000;\">Secom &#8211; Governo de Rond\u00f4nia<\/span><\/em><\/h6>\n","protected":false},"excerpt":{"rendered":"<p>Desde a semana passada, o Governo de Rond\u00f4nia, por meio da Secretaria de Estado da Educa\u00e7\u00e3o (Seduc) e a Entidade Aut\u00e1rquica de Assist\u00eancia T\u00e9cnica e Extens\u00e3o Rural (Emater-RO), movimentou 27,03 [&hellip;]<\/p>\n","protected":false},"author":9,"featured_media":10240,"comment_status":"closed","ping_status":"closed","sticky":false,"template":"","format":"standard","meta":[],"categories":[10,9,12],"tags":[135,300,618,76],"_links":{"self":[{"href":"http:\/\/www.emater.ro.gov.br\/ematerro\/wp-json\/wp\/v2\/posts\/10238"}],"collection":[{"href":"http:\/\/www.emater.ro.gov.br\/ematerro\/wp-json\/wp\/v2\/posts"}],"about":[{"href":"http:\/\/www.emater.ro.gov.br\/ematerro\/wp-json\/wp\/v2\/types\/post"}],"author":[{"embeddable":true,"href":"http:\/\/www.emater.ro.gov.br\/ematerro\/wp-json\/wp\/v2\/users\/9"}],"replies":[{"embeddable":true,"href":"http:\/\/www.emater.ro.gov.br\/ematerro\/wp-json\/wp\/v2\/comments?post=10238"}],"version-history":[{"count":1,"href":"http:\/\/www.emater.ro.gov.br\/ematerro\/wp-json\/wp\/v2\/posts\/10238\/revisions"}],"predecessor-version":[{"id":10242,"href":"http:\/\/www.emater.ro.gov.br\/ematerro\/wp-json\/wp\/v2\/posts\/10238\/revisions\/10242"}],"wp:featuredmedia":[{"embeddable":true,"href":"http:\/\/www.emater.ro.gov.br\/ematerro\/wp-json\/wp\/v2\/media\/10240"}],"wp:attachment":[{"href":"http:\/\/www.emater.ro.gov.br\/ematerro\/wp-json\/wp\/v2\/media?parent=10238"}],"wp:term":[{"taxonomy":"category","embeddable":true,"href":"http:\/\/www.emater.ro.gov.br\/ematerro\/wp-json\/wp\/v2\/categories?post=10238"},{"taxonomy":"post_tag","embeddable":true,"href":"http:\/\/www.emater.ro.gov.br\/ematerro\/wp-json\/wp\/v2\/tags?post=10238"}],"curies":[{"name":"wp","href":"https:\/\/api.w.org\/{rel}","templated":true}]}}