{"id":10231,"date":"2021-05-31T11:53:40","date_gmt":"2021-05-31T15:53:40","guid":{"rendered":"http:\/\/www.emater.ro.gov.br\/ematerro\/?p=10231"},"modified":"2021-05-31T12:12:25","modified_gmt":"2021-05-31T16:12:25","slug":"extensionistas-da-emater-ro-participam-de-palestra-sobre-prevencao-de-queimadas-no-cone-sul","status":"publish","type":"post","link":"http:\/\/www.emater.ro.gov.br\/ematerro\/2021\/05\/31\/extensionistas-da-emater-ro-participam-de-palestra-sobre-prevencao-de-queimadas-no-cone-sul\/","title":{"rendered":"Extensionistas da Emater-RO participam de palestra sobre preven\u00e7\u00e3o de queimadas no Cone Sul"},"content":{"rendered":"<figure id=\"attachment_10234\" aria-describedby=\"caption-attachment-10234\" style=\"width: 1128px\" class=\"wp-caption aligncenter\"><img decoding=\"async\" loading=\"lazy\" class=\"size-full wp-image-10234\" src=\"http:\/\/www.emater.ro.gov.br\/ematerro\/wp-content\/uploads\/2021\/05\/20210531-fogo.jpg\" alt=\"A parceria foi firmada para desenvolver a campanha de preven\u00e7\u00e3o \u00e0s queimadas e inc\u00eandios florestais 2021.\" width=\"1128\" height=\"710\" srcset=\"http:\/\/www.emater.ro.gov.br\/ematerro\/wp-content\/uploads\/2021\/05\/20210531-fogo.jpg 1128w, http:\/\/www.emater.ro.gov.br\/ematerro\/wp-content\/uploads\/2021\/05\/20210531-fogo-300x189.jpg 300w, http:\/\/www.emater.ro.gov.br\/ematerro\/wp-content\/uploads\/2021\/05\/20210531-fogo-768x483.jpg 768w, http:\/\/www.emater.ro.gov.br\/ematerro\/wp-content\/uploads\/2021\/05\/20210531-fogo-1024x645.jpg 1024w\" sizes=\"(max-width: 1128px) 100vw, 1128px\" \/><figcaption id=\"caption-attachment-10234\" class=\"wp-caption-text\">A parceria foi firmada para desenvolver a campanha de preven\u00e7\u00e3o \u00e0s queimadas e inc\u00eandios florestais 2021.<\/figcaption><\/figure>\n<p>Fortalecendo as medidas de preven\u00e7\u00e3o e orienta\u00e7\u00f5es, o Governo de Rond\u00f4nia, por meio da Secretaria de Estado do Desenvolvimento Ambiental (Sedam), firmou parceria com a Entidade aut\u00e1rquica de Assist\u00eancia T\u00e9cnica e Extens\u00e3o Rural (Emater-RO) do Cone Sul para juntos, intensificar as orienta\u00e7\u00f5es de preven\u00e7\u00e3o e combate a queimadas nas propriedades.<\/p>\n<p>A palestra por videoconfer\u00eancia aconteceu na manh\u00e3 desta sexta-feira (28) e contou com a participa\u00e7\u00e3o de extensionistas de todos os escrit\u00f3rios locais do Cone Sul. Ministrada pela gerente do escrit\u00f3rio de gest\u00e3o ambiental em Vilhena, Nayara Dorigon Rodrigues, que abordou a necessidade de orientar o produtor sobre a maneira correta para as pequenas queimadas com o intuito de limpeza ou preparo do solo antes do plantio.<\/p>\n<p>\u201cMuitas vezes, essa pr\u00e1tica \u00e9 feita de maneira indiscriminada e sem acompanhamento. Como nossa regi\u00e3o \u00e9 seca, conta com \u00e1reas de cerrado e bastante braqui\u00e1ria, havendo grandes chances de um pequeno fogo se alastrar e causar preju\u00edzos irrepar\u00e1veis\u201d, destacou Nayara.<\/p>\n<figure id=\"attachment_10233\" aria-describedby=\"caption-attachment-10233\" style=\"width: 570px\" class=\"wp-caption alignleft\"><img decoding=\"async\" loading=\"lazy\" class=\"size-full wp-image-10233\" src=\"http:\/\/www.emater.ro.gov.br\/ematerro\/wp-content\/uploads\/2021\/05\/20210531-emater-palestra-videoconfeerencia-queimadas-jesica-labajos-28-05-570x309.jpg\" alt=\"Extensionistas receberam orienta\u00e7\u00f5es por meio de videoconfer\u00eancia para levar aos agricultores familiares.\" width=\"570\" height=\"309\" srcset=\"http:\/\/www.emater.ro.gov.br\/ematerro\/wp-content\/uploads\/2021\/05\/20210531-emater-palestra-videoconfeerencia-queimadas-jesica-labajos-28-05-570x309.jpg 570w, http:\/\/www.emater.ro.gov.br\/ematerro\/wp-content\/uploads\/2021\/05\/20210531-emater-palestra-videoconfeerencia-queimadas-jesica-labajos-28-05-570x309-300x163.jpg 300w\" sizes=\"(max-width: 570px) 100vw, 570px\" \/><figcaption id=\"caption-attachment-10233\" class=\"wp-caption-text\"><em>Extensionistas receberam orienta\u00e7\u00f5es por meio de videoconfer\u00eancia para levar aos agricultores familiares.<\/em><\/figcaption><\/figure>\n<p>A cada ano, o registro de queimadas ilegais e focos de inc\u00eandio v\u00eam aumentando. Diante da situa\u00e7\u00e3o, o Governo busca fortalecer as campanhas de conscientiza\u00e7\u00e3o, alertando sobre o risco de a\u00e7\u00e3o descontrolada causada pelo fogo e a sa\u00fade da popula\u00e7\u00e3o, devido ao excesso de fuma\u00e7a, agravando aqueles que t\u00eam problemas respirat\u00f3rios.<\/p>\n<p>A Sedam conta com o apoio dos extensionistas da Emater-RO, que est\u00e3o diariamente com os produtores rurais, para refor\u00e7ar que o agricultor necessita, antes de realizar qualquer ato de queimada em leiras, protocolar o requerimento padr\u00e3o solicitando para o gerente do escrit\u00f3rio local da Sedam a emiss\u00e3o de autoriza\u00e7\u00e3o sobre o uso de fogo.<\/p>\n<p><strong>DEN\u00daNCIAS<\/strong><br \/>\nNayara destaca a import\u00e2ncia da colabora\u00e7\u00e3o do cidad\u00e3o nos casos de den\u00fancias de crimes ambientais cometidos, lembrando que nas situa\u00e7\u00f5es que favore\u00e7am atos irregulares, o respons\u00e1vel \u00e9 autuado. Refor\u00e7ou tamb\u00e9m as orienta\u00e7\u00f5es que devem ser alentadas aos produtores, sobre como planejar a queimada com anteced\u00eancia, organizando a leira ao longo do ano, respeitando a largura dos aceiros, jamais queimando res\u00edduos pl\u00e1sticos e vegetais, cuidando atenciosamente do fogo para n\u00e3o haver alastramento e ter sempre em m\u00e3os enxada, abafador, foice, bomba costal e balde com \u00e1gua, ou seja, qualquer material \u00fatil para controlar o fogo.<\/p>\n<p>O gerente regional da Emater-RO\/Cone Sul, Cleverson Oliveira, parabenizou o trabalho realizado pela Sedam e garantiu que as equipes dos escrit\u00f3rios locais estar\u00e3o refor\u00e7ando a campanha de conscientiza\u00e7\u00e3o. \u201cEstaremos intensificando a a\u00e7\u00e3o em programas de r\u00e1dio e levando pessoalmente aos produtores as orienta\u00e7\u00f5es de preven\u00e7\u00e3o e cuidados.&#8221;<\/p>\n<h6 style=\"text-align: right;\"><em><span style=\"color: #008000;\">Texto: Jesica Labajos<\/span><\/em><br \/>\n<em><span style=\"color: #008000;\">Fotos: Jesica Labajos \/ \u00c9sio Mendes<\/span><\/em><br \/>\n<em><span style=\"color: #008000;\">Secom &#8211; Governo de Rond\u00f4nia<\/span><\/em><\/h6>\n","protected":false},"excerpt":{"rendered":"<p>Fortalecendo as medidas de preven\u00e7\u00e3o e orienta\u00e7\u00f5es, o Governo de Rond\u00f4nia, por meio da Secretaria de Estado do Desenvolvimento Ambiental (Sedam), firmou parceria com a Entidade aut\u00e1rquica de Assist\u00eancia T\u00e9cnica [&hellip;]<\/p>\n","protected":false},"author":9,"featured_media":10234,"comment_status":"closed","ping_status":"closed","sticky":false,"template":"","format":"standard","meta":[],"categories":[10,9,12],"tags":[173,254,514],"_links":{"self":[{"href":"http:\/\/www.emater.ro.gov.br\/ematerro\/wp-json\/wp\/v2\/posts\/10231"}],"collection":[{"href":"http:\/\/www.emater.ro.gov.br\/ematerro\/wp-json\/wp\/v2\/posts"}],"about":[{"href":"http:\/\/www.emater.ro.gov.br\/ematerro\/wp-json\/wp\/v2\/types\/post"}],"author":[{"embeddable":true,"href":"http:\/\/www.emater.ro.gov.br\/ematerro\/wp-json\/wp\/v2\/users\/9"}],"replies":[{"embeddable":true,"href":"http:\/\/www.emater.ro.gov.br\/ematerro\/wp-json\/wp\/v2\/comments?post=10231"}],"version-history":[{"count":3,"href":"http:\/\/www.emater.ro.gov.br\/ematerro\/wp-json\/wp\/v2\/posts\/10231\/revisions"}],"predecessor-version":[{"id":10237,"href":"http:\/\/www.emater.ro.gov.br\/ematerro\/wp-json\/wp\/v2\/posts\/10231\/revisions\/10237"}],"wp:featuredmedia":[{"embeddable":true,"href":"http:\/\/www.emater.ro.gov.br\/ematerro\/wp-json\/wp\/v2\/media\/10234"}],"wp:attachment":[{"href":"http:\/\/www.emater.ro.gov.br\/ematerro\/wp-json\/wp\/v2\/media?parent=10231"}],"wp:term":[{"taxonomy":"category","embeddable":true,"href":"http:\/\/www.emater.ro.gov.br\/ematerro\/wp-json\/wp\/v2\/categories?post=10231"},{"taxonomy":"post_tag","embeddable":true,"href":"http:\/\/www.emater.ro.gov.br\/ematerro\/wp-json\/wp\/v2\/tags?post=10231"}],"curies":[{"name":"wp","href":"https:\/\/api.w.org\/{rel}","templated":true}]}}