{"id":1008,"date":"2016-08-31T10:21:25","date_gmt":"2016-08-31T14:21:25","guid":{"rendered":"http:\/\/www.emater.ro.gov.br\/ematerro\/?p=1008"},"modified":"2016-09-01T10:50:54","modified_gmt":"2016-09-01T14:50:54","slug":"convenio-viabiliza-aquisicao-de-equipamento-e-fortalece-a-agroindustria-familiar","status":"publish","type":"post","link":"http:\/\/www.emater.ro.gov.br\/ematerro\/2016\/08\/31\/convenio-viabiliza-aquisicao-de-equipamento-e-fortalece-a-agroindustria-familiar\/","title":{"rendered":"Conv\u00eanio viabiliza aquisi\u00e7\u00e3o de equipamento e fortalece a agroind\u00fastria familiar"},"content":{"rendered":"<p>Associa\u00e7\u00e3o de Desenvolvimento Agr\u00edcola de Rolim de Moura (Adagrim) foi contemplada com recursos financeiros da Funda\u00e7\u00e3o Banco do Brasil para aquisi\u00e7\u00e3o de uma c\u00e2mara fria. O equipamento, viabilizado atrav\u00e9s do conv\u00eanio de coopera\u00e7\u00e3o financeira firmado entre as duas institui\u00e7\u00f5es, atender\u00e1 al\u00e9m dos s\u00f3cios, mais de cem produtores rurais que processam e entregam produtos que necessitam serem resfriados para garantir e assegurar sua qualidade. Foi alocado um montante de R$ 224.752,95, sendo aproximadamente, 88% da Funda\u00e7\u00e3o Banco do Brasil (BB) e o restante como contrapartida da Associa\u00e7\u00e3o.<\/p>\n<figure id=\"attachment_1022\" aria-describedby=\"caption-attachment-1022\" style=\"width: 1024px\" class=\"wp-caption aligncenter\"><img decoding=\"async\" loading=\"lazy\" class=\"wp-image-1022 size-large\" src=\"http:\/\/www.emater.ro.gov.br\/ematerro\/wp-content\/uploads\/2016\/08\/Convenio-viabiliza-aquisicao-de-equipamento-e-fortalecimento-agroindustria-familiar-FOTO-EMATER-RO_002-1024x640.jpg\" alt=\"A associa\u00e7\u00e3o foi contemplada com recurso n\u00e3o reembols\u00e1vel do Banco Brasil .\" width=\"1024\" height=\"640\" srcset=\"http:\/\/www.emater.ro.gov.br\/ematerro\/wp-content\/uploads\/2016\/08\/Convenio-viabiliza-aquisicao-de-equipamento-e-fortalecimento-agroindustria-familiar-FOTO-EMATER-RO_002.jpg 1024w, http:\/\/www.emater.ro.gov.br\/ematerro\/wp-content\/uploads\/2016\/08\/Convenio-viabiliza-aquisicao-de-equipamento-e-fortalecimento-agroindustria-familiar-FOTO-EMATER-RO_002-300x188.jpg 300w, http:\/\/www.emater.ro.gov.br\/ematerro\/wp-content\/uploads\/2016\/08\/Convenio-viabiliza-aquisicao-de-equipamento-e-fortalecimento-agroindustria-familiar-FOTO-EMATER-RO_002-768x480.jpg 768w\" sizes=\"(max-width: 1024px) 100vw, 1024px\" \/><figcaption id=\"caption-attachment-1022\" class=\"wp-caption-text\">A associa\u00e7\u00e3o foi contemplada com recurso n\u00e3o reembols\u00e1vel do Banco Brasil .<\/figcaption><\/figure>\n<p>A demanda foi discutida em reuni\u00e3o com os diversos segmentos que integram o Territ\u00f3rio de Identidade Rural Zona da Mata buscando contemplar o fortalecimento da agricultura familiar local. Para viabilizar os recursos financeiros, a Funda\u00e7\u00e3o BB buscou recursos no N\u00facleo de Estudos e Extens\u00e3o em Desenvolvimento Territorial (Nedet) que executa a\u00e7\u00f5es de apoio e fortalecimento ao territ\u00f3rio, juntamente com o apoio da Emater-RO e parceiros.<\/p>\n<p>O Territ\u00f3rio de Identidade Rural Zona da Mata, reconhecido pelo Conselho Nacional de Desenvolvimento Rural Sustent\u00e1vel (Condraf) e incorporado ao Programa Nacional de Desenvolvimento Sustent\u00e1vel de Territ\u00f3rios Rurais (Pronat) em 23 de maio de 2013, \u00e9 composto por sete munic\u00edpios: Alto Alegre dos Parecis, Alta Floresta do Oeste, Castanheiras, Nova Brasil\u00e2ndia do Oeste, Novo Horizonte do Oeste, Rolim de Moura e Santa Luzia do Oeste que juntos formam um espa\u00e7o de rela\u00e7\u00f5es sociais capaz de criar la\u00e7os de coletividade e solidariedade.<\/p>\n<p>O N\u00facleo de Estudos e Extens\u00e3o em Desenvolvimento Territorial (Nedet) \u00e9 uma das unidades administrativas que t\u00eam por objetivo apoiar as a\u00e7\u00f5es dos territ\u00f3rios rurais. No estado, est\u00e1 vinculado ao curso de engenharia florestal da Funda\u00e7\u00e3o Universidade Federal de Rond\u00f4nia (Unir) em parceria com o Conselho Nacional de Desenvolvimento Cient\u00edfico e Tecnol\u00f3gico (CNPq) e o extinto Minist\u00e9rio do Desenvolvimento Agr\u00e1rio (MDA) e conta com o apoio da Emater-RO e da Ecopor\u00e9 no fortalecimento das iniciativas e da democracia participativa.<\/p>\n<figure id=\"attachment_1021\" aria-describedby=\"caption-attachment-1021\" style=\"width: 419px\" class=\"wp-caption alignright\"><img decoding=\"async\" loading=\"lazy\" class=\"wp-image-1021 \" src=\"http:\/\/www.emater.ro.gov.br\/ematerro\/wp-content\/uploads\/2016\/08\/Convenio-viabiliza-aquisicao-de-equipamento-e-fortalecimento-agroindustria-familiar-FOTO-EMATER-RO_001-300x188.jpg\" alt=\"O projeto foi amplamente discutido para identifica\u00e7\u00e3o e das demandas e das entidades.\" width=\"419\" height=\"263\" srcset=\"http:\/\/www.emater.ro.gov.br\/ematerro\/wp-content\/uploads\/2016\/08\/Convenio-viabiliza-aquisicao-de-equipamento-e-fortalecimento-agroindustria-familiar-FOTO-EMATER-RO_001-300x188.jpg 300w, http:\/\/www.emater.ro.gov.br\/ematerro\/wp-content\/uploads\/2016\/08\/Convenio-viabiliza-aquisicao-de-equipamento-e-fortalecimento-agroindustria-familiar-FOTO-EMATER-RO_001-768x480.jpg 768w, http:\/\/www.emater.ro.gov.br\/ematerro\/wp-content\/uploads\/2016\/08\/Convenio-viabiliza-aquisicao-de-equipamento-e-fortalecimento-agroindustria-familiar-FOTO-EMATER-RO_001.jpg 1024w\" sizes=\"(max-width: 419px) 100vw, 419px\" \/><figcaption id=\"caption-attachment-1021\" class=\"wp-caption-text\">O projeto foi amplamente discutido para identifica\u00e7\u00e3o e das demandas e das entidades.<\/figcaption><\/figure>\n<p>O conv\u00eanio de coopera\u00e7\u00e3o financeira firmado entre a Funda\u00e7\u00e3o BB e a Adagrim contemplou a associa\u00e7\u00e3o com recursos financeiros n\u00e3o reembols\u00e1veis, na consolida\u00e7\u00e3o da agroind\u00fastria familiar no territ\u00f3rio, no \u00e2mbito do Programa Trabalho e Cidadania da Funda\u00e7\u00e3o Banco do Brasil. Segundo informa\u00e7\u00f5es da gerente do escrit\u00f3rio regional da Emater-RO\/Rolim de Moura, Albertina Marangoni, o projeto foi amplamente discutido em reuni\u00f5es e assembl\u00e9ias do Territ\u00f3rio Zona da Mata para identifica\u00e7\u00e3o e sele\u00e7\u00e3o das demandas e entidades que poderiam ser proponentes. \u201cEsta Associa\u00e7\u00e3o foi contemplada, porque j\u00e1 trabalha com programas governamentais, como o Programa de Aquisi\u00e7\u00e3o de Alimentos (PAA), no fortalecimento da agricultura familiar.\u201d<\/p>\n<p>A associa\u00e7\u00e3o vem exercendo a\u00e7\u00f5es que integram tamb\u00e9m a agroindustrializa\u00e7\u00e3o de produtos advindo da agricultura familiar e a aquisi\u00e7\u00e3o da c\u00e2mara fria foi uma necessidade levantada nas diversas reuni\u00f5es de discuss\u00e3o e delibera\u00e7\u00e3o sobre as necessidades da regi\u00e3o. Para adquirir o equipamento a Funda\u00e7\u00e3o BB repassar\u00e1 \u00e0 associa\u00e7\u00e3o recursos financeiros no valor de R$ 199.272,95 e a Adagrim desembolsar\u00e1, a t\u00edtulo de contrapartida, o valor de R$ 25.480,00.<\/p>\n<h6 style=\"text-align: right;\"><em>Wania Ressutti<\/em><br \/>\n<em>Jornalista \u2013 SRTE\/DRT\/RO-959<\/em><br \/>\n<em>EMATER-RO <\/em><\/h6>\n","protected":false},"excerpt":{"rendered":"<p>Associa\u00e7\u00e3o de Desenvolvimento Agr\u00edcola de Rolim de Moura (Adagrim) foi contemplada com recursos financeiros da Funda\u00e7\u00e3o Banco do Brasil para aquisi\u00e7\u00e3o de uma c\u00e2mara fria. O equipamento, viabilizado atrav\u00e9s do [&hellip;]<\/p>\n","protected":false},"author":11,"featured_media":0,"comment_status":"closed","ping_status":"closed","sticky":false,"template":"","format":"standard","meta":[],"categories":[10,9,12],"tags":[57,30,58],"_links":{"self":[{"href":"http:\/\/www.emater.ro.gov.br\/ematerro\/wp-json\/wp\/v2\/posts\/1008"}],"collection":[{"href":"http:\/\/www.emater.ro.gov.br\/ematerro\/wp-json\/wp\/v2\/posts"}],"about":[{"href":"http:\/\/www.emater.ro.gov.br\/ematerro\/wp-json\/wp\/v2\/types\/post"}],"author":[{"embeddable":true,"href":"http:\/\/www.emater.ro.gov.br\/ematerro\/wp-json\/wp\/v2\/users\/11"}],"replies":[{"embeddable":true,"href":"http:\/\/www.emater.ro.gov.br\/ematerro\/wp-json\/wp\/v2\/comments?post=1008"}],"version-history":[{"count":5,"href":"http:\/\/www.emater.ro.gov.br\/ematerro\/wp-json\/wp\/v2\/posts\/1008\/revisions"}],"predecessor-version":[{"id":1023,"href":"http:\/\/www.emater.ro.gov.br\/ematerro\/wp-json\/wp\/v2\/posts\/1008\/revisions\/1023"}],"wp:attachment":[{"href":"http:\/\/www.emater.ro.gov.br\/ematerro\/wp-json\/wp\/v2\/media?parent=1008"}],"wp:term":[{"taxonomy":"category","embeddable":true,"href":"http:\/\/www.emater.ro.gov.br\/ematerro\/wp-json\/wp\/v2\/categories?post=1008"},{"taxonomy":"post_tag","embeddable":true,"href":"http:\/\/www.emater.ro.gov.br\/ematerro\/wp-json\/wp\/v2\/tags?post=1008"}],"curies":[{"name":"wp","href":"https:\/\/api.w.org\/{rel}","templated":true}]}}