{"id":10078,"date":"2021-05-07T10:56:58","date_gmt":"2021-05-07T14:56:58","guid":{"rendered":"http:\/\/www.emater.ro.gov.br\/ematerro\/?p=10078"},"modified":"2021-05-10T09:38:19","modified_gmt":"2021-05-10T13:38:19","slug":"incentivados-pela-emater-ro-cafeicultores-de-seringueiras-criam-grupo-para-aquisicao-de-insumos-e-garantem-maior-rentabilidade-a-lavoura-cafeeira","status":"publish","type":"post","link":"http:\/\/www.emater.ro.gov.br\/ematerro\/2021\/05\/07\/incentivados-pela-emater-ro-cafeicultores-de-seringueiras-criam-grupo-para-aquisicao-de-insumos-e-garantem-maior-rentabilidade-a-lavoura-cafeeira\/","title":{"rendered":"Emater-RO incentiva cafeicultores de Seringueiras a adquirir insumos; medida rende maior rentabilidade \u00e0 lavoura cafeeira"},"content":{"rendered":"<figure id=\"attachment_10079\" aria-describedby=\"caption-attachment-10079\" style=\"width: 1128px\" class=\"wp-caption alignnone\"><img decoding=\"async\" loading=\"lazy\" class=\"size-full wp-image-10079\" src=\"http:\/\/www.emater.ro.gov.br\/ematerro\/wp-content\/uploads\/2021\/05\/20210507-cafeicultores-seringueiras_002-05mai2021-joao-francisco.jpg\" alt=\"Entrega de insumos atendendo a demanda levantada pelos produtores. \" width=\"1128\" height=\"710\" srcset=\"http:\/\/www.emater.ro.gov.br\/ematerro\/wp-content\/uploads\/2021\/05\/20210507-cafeicultores-seringueiras_002-05mai2021-joao-francisco.jpg 1128w, http:\/\/www.emater.ro.gov.br\/ematerro\/wp-content\/uploads\/2021\/05\/20210507-cafeicultores-seringueiras_002-05mai2021-joao-francisco-300x189.jpg 300w, http:\/\/www.emater.ro.gov.br\/ematerro\/wp-content\/uploads\/2021\/05\/20210507-cafeicultores-seringueiras_002-05mai2021-joao-francisco-768x483.jpg 768w, http:\/\/www.emater.ro.gov.br\/ematerro\/wp-content\/uploads\/2021\/05\/20210507-cafeicultores-seringueiras_002-05mai2021-joao-francisco-1024x645.jpg 1024w\" sizes=\"(max-width: 1128px) 100vw, 1128px\" \/><figcaption id=\"caption-attachment-10079\" class=\"wp-caption-text\"><em>Entrega de insumos atendendo a demanda levantada pelos produtores.<\/em><\/figcaption><\/figure>\n<p>Com mais de 40 participantes, o grupo informal do caf\u00e9, criado em 2017, tem sido um importante fator de desenvolvimento da cultura na regi\u00e3o de Seringueira. O gerente do escrit\u00f3rio local, Jo\u00e3o Francisco dos Santos Filho, diz que o objetivo da cria\u00e7\u00e3o desse grupo foi \u201cviabilizar a compra de insumos coletivo,\u00a0 melhorar a qualidade do caf\u00e9, e incentivar os produtores a realizarem an\u00e1lise de solo\u201d.<\/p>\n<p>A extensionista da Emater-RO, Alexandra Soares Serra, explica que foi montado um cronograma de aduba\u00e7\u00e3o e, desde a cria\u00e7\u00e3o do grupo, foram realizadas v\u00e1rias atividades metodol\u00f3gicas como: palestras voltadas a qualidade do caf\u00e9, cursos voltados a qualidade e gest\u00e3o financeira e reuni\u00f5es mensais \u201cpara que o grupo pudesse discutir suas necessidades e realizar em conjunto um planejamento das atividades anuais.\u201d<\/p>\n<figure id=\"attachment_10081\" aria-describedby=\"caption-attachment-10081\" style=\"width: 500px\" class=\"wp-caption alignleft\"><img decoding=\"async\" loading=\"lazy\" class=\"wp-image-10081\" src=\"http:\/\/www.emater.ro.gov.br\/ematerro\/wp-content\/uploads\/2021\/05\/20210507-cafeicultores-seringueiras_004-05mai2021-joao-francisco.jpg\" width=\"500\" height=\"315\" srcset=\"http:\/\/www.emater.ro.gov.br\/ematerro\/wp-content\/uploads\/2021\/05\/20210507-cafeicultores-seringueiras_004-05mai2021-joao-francisco.jpg 1128w, http:\/\/www.emater.ro.gov.br\/ematerro\/wp-content\/uploads\/2021\/05\/20210507-cafeicultores-seringueiras_004-05mai2021-joao-francisco-300x189.jpg 300w, http:\/\/www.emater.ro.gov.br\/ematerro\/wp-content\/uploads\/2021\/05\/20210507-cafeicultores-seringueiras_004-05mai2021-joao-francisco-768x483.jpg 768w, http:\/\/www.emater.ro.gov.br\/ematerro\/wp-content\/uploads\/2021\/05\/20210507-cafeicultores-seringueiras_004-05mai2021-joao-francisco-1024x645.jpg 1024w\" sizes=\"(max-width: 500px) 100vw, 500px\" \/><figcaption id=\"caption-attachment-10081\" class=\"wp-caption-text\"><em>Aquisi\u00e7\u00e3o coletiva garante pre\u00e7os mais acess\u00edveis.<\/em><\/figcaption><\/figure>\n<p>A excel\u00eancia obtida com os resultados das a\u00e7\u00f5es implementadas pelos servi\u00e7os de assist\u00eancia t\u00e9cnica e extens\u00e3o rural tem animado tanto os extensionistas como os produtores integrantes do grupo. A participa\u00e7\u00e3o no Concurso de Qualidade e Produtividade do Caf\u00e9 (Concaf\u00e9) que j\u00e1 virou tradi\u00e7\u00e3o no estado, tem contribu\u00eddo para incentivar os cafeicultores na busca por um caf\u00e9 de melhor qualidade.<\/p>\n<p>\u201cNo ano de 2020 16 produtores da regi\u00e3o participaram do concurso e sete ficaram entre os 80 melhores do estado e, j\u00e1 temos 24 produtores inscritos para a Indica\u00e7\u00e3o Geogr\u00e1fica Regi\u00e3o Matas de Rond\u00f4nia para Robustas Amaz\u00f4nicas, que visa o reconhecimento da qualidade sensorial dos caf\u00e9s can\u00e9foras no Brasil e no mundo.<\/p>\n<p>Outro indicativo de satisfa\u00e7\u00e3o dos produtores est\u00e1 na possibilidade de compra coletiva de insumos. At\u00e9 o momento j\u00e1 foram realizadas nove a\u00e7\u00f5es de compras em conjunto pelo grupo. \u201cA cota\u00e7\u00e3o \u00e9 feita pela Emater-RO com o intuito de buscar o pre\u00e7o mais acess\u00edvel\u201d, explica Jo\u00e3o Francisco, complementando que essa a\u00e7\u00e3o promove n\u00e3o somente a uni\u00e3o entres os produtores de caf\u00e9, mas garante maior rentabilidade da atividade.<\/p>\n<p>Por fim, Jo\u00e3o conta que nesta quarta-feira (05) acompanhou a entrega dos insumos em mais tr\u00eas localidades, atendendo a demanda levantada pelos produtores.<\/p>\n<h6 style=\"text-align: right;\"><em><span style=\"color: #008000;\">Texto: Wania Ressutti<\/span><\/em><br \/>\n<em><span style=\"color: #008000;\">Jornalista \u2013 MTE-1744\/RO<\/span><\/em><br \/>\n<em><span style=\"color: #008000;\">Fotos: Jo\u00e3o Francisco dos Santos Filho<\/span><\/em><br \/>\n<em><span style=\"color: #008000;\">EMATER-RO<\/span><\/em><\/h6>\n","protected":false},"excerpt":{"rendered":"<p>Com mais de 40 participantes, o grupo informal do caf\u00e9, criado em 2017, tem sido um importante fator de desenvolvimento da cultura na regi\u00e3o de Seringueira. O gerente do escrit\u00f3rio [&hellip;]<\/p>\n","protected":false},"author":9,"featured_media":10080,"comment_status":"closed","ping_status":"closed","sticky":false,"template":"","format":"standard","meta":[],"categories":[10,9,12],"tags":[67,65,45,608],"_links":{"self":[{"href":"http:\/\/www.emater.ro.gov.br\/ematerro\/wp-json\/wp\/v2\/posts\/10078"}],"collection":[{"href":"http:\/\/www.emater.ro.gov.br\/ematerro\/wp-json\/wp\/v2\/posts"}],"about":[{"href":"http:\/\/www.emater.ro.gov.br\/ematerro\/wp-json\/wp\/v2\/types\/post"}],"author":[{"embeddable":true,"href":"http:\/\/www.emater.ro.gov.br\/ematerro\/wp-json\/wp\/v2\/users\/9"}],"replies":[{"embeddable":true,"href":"http:\/\/www.emater.ro.gov.br\/ematerro\/wp-json\/wp\/v2\/comments?post=10078"}],"version-history":[{"count":4,"href":"http:\/\/www.emater.ro.gov.br\/ematerro\/wp-json\/wp\/v2\/posts\/10078\/revisions"}],"predecessor-version":[{"id":10092,"href":"http:\/\/www.emater.ro.gov.br\/ematerro\/wp-json\/wp\/v2\/posts\/10078\/revisions\/10092"}],"wp:featuredmedia":[{"embeddable":true,"href":"http:\/\/www.emater.ro.gov.br\/ematerro\/wp-json\/wp\/v2\/media\/10080"}],"wp:attachment":[{"href":"http:\/\/www.emater.ro.gov.br\/ematerro\/wp-json\/wp\/v2\/media?parent=10078"}],"wp:term":[{"taxonomy":"category","embeddable":true,"href":"http:\/\/www.emater.ro.gov.br\/ematerro\/wp-json\/wp\/v2\/categories?post=10078"},{"taxonomy":"post_tag","embeddable":true,"href":"http:\/\/www.emater.ro.gov.br\/ematerro\/wp-json\/wp\/v2\/tags?post=10078"}],"curies":[{"name":"wp","href":"https:\/\/api.w.org\/{rel}","templated":true}]}}