{"id":10071,"date":"2021-05-06T11:07:36","date_gmt":"2021-05-06T15:07:36","guid":{"rendered":"http:\/\/www.emater.ro.gov.br\/ematerro\/?p=10071"},"modified":"2021-05-07T10:49:40","modified_gmt":"2021-05-07T14:49:40","slug":"diretor-presidente-da-emater-ro-luciano-brandao-assume-vice-presidencia-nacional-da-asbraer","status":"publish","type":"post","link":"http:\/\/www.emater.ro.gov.br\/ematerro\/2021\/05\/06\/diretor-presidente-da-emater-ro-luciano-brandao-assume-vice-presidencia-nacional-da-asbraer\/","title":{"rendered":"Gestor da Emater Rond\u00f4nia assume oficialmente cargo na maior Entidade de Assist\u00eancia T\u00e9cnica e Extens\u00e3o Rural do Pa\u00eds"},"content":{"rendered":"<figure id=\"attachment_10076\" aria-describedby=\"caption-attachment-10076\" style=\"width: 1128px\" class=\"wp-caption aligncenter\"><img decoding=\"async\" loading=\"lazy\" class=\"wp-image-10076 size-full\" src=\"http:\/\/www.emater.ro.gov.br\/ematerro\/wp-content\/uploads\/2021\/05\/20210506-luciano-toma-posse-na-asbraer_003-05mai2021-rayne-andrade.jpg\" width=\"1128\" height=\"710\" srcset=\"http:\/\/www.emater.ro.gov.br\/ematerro\/wp-content\/uploads\/2021\/05\/20210506-luciano-toma-posse-na-asbraer_003-05mai2021-rayne-andrade.jpg 1128w, http:\/\/www.emater.ro.gov.br\/ematerro\/wp-content\/uploads\/2021\/05\/20210506-luciano-toma-posse-na-asbraer_003-05mai2021-rayne-andrade-300x189.jpg 300w, http:\/\/www.emater.ro.gov.br\/ematerro\/wp-content\/uploads\/2021\/05\/20210506-luciano-toma-posse-na-asbraer_003-05mai2021-rayne-andrade-768x483.jpg 768w, http:\/\/www.emater.ro.gov.br\/ematerro\/wp-content\/uploads\/2021\/05\/20210506-luciano-toma-posse-na-asbraer_003-05mai2021-rayne-andrade-1024x645.jpg 1024w\" sizes=\"(max-width: 1128px) 100vw, 1128px\" \/><figcaption id=\"caption-attachment-10076\" class=\"wp-caption-text\"><em> A perspectiva \u00e9 que os servi\u00e7os de assist\u00eancia t\u00e9cnica e extens\u00e3o rural sejam intensificados na regi\u00e3o norte.<\/em><\/figcaption><\/figure>\n<p>Rond\u00f4nia desponta entre as grandes lideran\u00e7as nacionais. Pela primeira vez um representante do estado assume o cargo de vice-presidente da Associa\u00e7\u00e3o Brasileira das Entidades de Assist\u00eancia T\u00e9cnica e Extens\u00e3o Rural do Estado de Rond\u00f4nia (Asbraer). Luciano Brand\u00e3o, diretor-presidente da Entidade Aut\u00e1rquica de Assist\u00eancia T\u00e9cnica e Extens\u00e3o Rural do Estado de Rond\u00f4nia (Emater-RO), tomo posse oficialmente, nesta quarta-feira (05) para um mandato que vai at\u00e9 30 de abril de 2023.<\/p>\n<p>A Asbraer \u00e9 uma organiza\u00e7\u00e3o independente, apartid\u00e1ria e sem fins lucrativos, que mant\u00e9m ativa a integra\u00e7\u00e3o e o interc\u00e2mbio das 27 entidades estaduais de assist\u00eancia t\u00e9cnica e extens\u00e3o rural (Ater) do pa\u00eds afiliadas, assegurando a inser\u00e7\u00e3o de seus servi\u00e7os. Na agenda nacional e em defesa de um modelo de desenvolvimento social justo, economicamente vi\u00e1vel e ambientalmente sustent\u00e1vel.<\/p>\n<p>Luciano ocupava o cargo de vice-presidente da Asbraer para a regi\u00e3o Norte para o bi\u00eanio 2019-2021, cargo esse que chegou a ser ocupado por outros presidentes da Emater-RO, mas o cargo de vice-presidente nacional da entidade n\u00e3o havia sido ocupado ainda por um representante de Rond\u00f4nia.<\/p>\n<figure id=\"attachment_10074\" aria-describedby=\"caption-attachment-10074\" style=\"width: 500px\" class=\"wp-caption alignleft\"><img decoding=\"async\" loading=\"lazy\" class=\"wp-image-10074\" src=\"http:\/\/www.emater.ro.gov.br\/ematerro\/wp-content\/uploads\/2021\/05\/20210506-32_age_asbraer_002-05maio2021-wania-ressutti.jpg\" alt=\"A posse foi oficializada durante a 32\u00aa Assembleia Geral Extraordin\u00e1ria da Asbraer, em plataforma virtual.\" width=\"500\" height=\"315\" srcset=\"http:\/\/www.emater.ro.gov.br\/ematerro\/wp-content\/uploads\/2021\/05\/20210506-32_age_asbraer_002-05maio2021-wania-ressutti.jpg 1128w, http:\/\/www.emater.ro.gov.br\/ematerro\/wp-content\/uploads\/2021\/05\/20210506-32_age_asbraer_002-05maio2021-wania-ressutti-300x189.jpg 300w, http:\/\/www.emater.ro.gov.br\/ematerro\/wp-content\/uploads\/2021\/05\/20210506-32_age_asbraer_002-05maio2021-wania-ressutti-768x483.jpg 768w, http:\/\/www.emater.ro.gov.br\/ematerro\/wp-content\/uploads\/2021\/05\/20210506-32_age_asbraer_002-05maio2021-wania-ressutti-1024x645.jpg 1024w\" sizes=\"(max-width: 500px) 100vw, 500px\" \/><figcaption id=\"caption-attachment-10074\" class=\"wp-caption-text\"><em>A posse foi oficializada durante a 32\u00aa Assembleia Geral Extraordin\u00e1ria da Asbraer, em plataforma virtual.<\/em><\/figcaption><\/figure>\n<p>A elei\u00e7\u00e3o foi realizada em 24 de fevereiro, durante a 59\u00aa Assembleia Geral da Asbraer, onde Nivaldo Moreno Magalh\u00e3es, diretor-presidente da Empresa Paraibana de Pesquisa, Extens\u00e3o Rural e Regulariza\u00e7\u00e3o Fundi\u00e1ria (Empaer-PB), foi eleito presidente para o bi\u00eanio 2021-2023. Na ocasi\u00e3o tamb\u00e9m foram eleitos os vice-presidentes das cinco regi\u00f5es do pa\u00eds e os membros do conselho fiscal da entidade.<\/p>\n<p>A perspectiva \u00e9 que, com um representante do estado da diretoria nacional da Asbraer, os servi\u00e7os de Ater possam ser intensificados. Pedro Arraes, diretor do Departamento de Assist\u00eancia T\u00e9cnica e Extens\u00e3o Rural do Minist\u00e9rio da Agricultura, Pecu\u00e1ria e Abastecimento (Dater\/Mapa) e que participou da Assembleia, levou a mensagem da Ministra Teresa Cristina, dizendo que o minist\u00e9rio tem trabalhado em uma chamada para resid\u00eancia agr\u00edcola da ater p\u00fablica, cujo programa visa o desenvolvimento nos jovens das \u00e1reas agr\u00edcolas e afins, compet\u00eancias para o mercado de trabalho.<\/p>\n<p>Outra perspectiva est\u00e1 na amplitude do Ater Digital, ou Ater 5.0, cuja ideia \u00e9 fortalecer o sistema de Ater modernizando seus servi\u00e7os atrav\u00e9s da integra\u00e7\u00e3o e compartilhamento de informa\u00e7\u00f5es, apoiando sistemas que buscam a melhoria de produtividade, al\u00e9m da capacita\u00e7\u00e3o de extensionistas no uso dos recursos e ferramentas dispon\u00edveis. Em seu pronunciamento, Arraes enfatizou que o objetivo da Ater Digital n\u00e3o \u00e9 substituir os servi\u00e7os presenciais, mas sim para potencializar esses servi\u00e7os.<\/p>\n<p>Devido \u00e0 atual pandemia, n\u00e3o foi poss\u00edvel a realiza\u00e7\u00e3o do evento presencial, mas a posse oficial foi realizada nesta quarta-feira (5), durante a 32\u00aa Assembleia Geral Extraordin\u00e1ria da Associa\u00e7\u00e3o da Asbraer, tendo sido o ato lavrado atrav\u00e9s da plataforma Zoom. O per\u00edodo desse mandato \u00e9 de 1\u00ba de maio de 2021 a 30 de abril de 2023.<\/p>\n<h6 style=\"text-align: right;\"><em><span style=\"color: #008000;\">Texto: Wania Ressutti<\/span><\/em><br \/>\n<em><span style=\"color: #008000;\">Jornalista \u2013 MTE-1744\/RO<\/span><\/em><br \/>\n<em><span style=\"color: #008000;\">Fotos: Rayne Andrade e Wania Ressutti<\/span><\/em><br \/>\n<em><span style=\"color: #008000;\">EMATER-RO<\/span><\/em><\/h6>\n","protected":false},"excerpt":{"rendered":"<p>Rond\u00f4nia desponta entre as grandes lideran\u00e7as nacionais. Pela primeira vez um representante do estado assume o cargo de vice-presidente da Associa\u00e7\u00e3o Brasileira das Entidades de Assist\u00eancia T\u00e9cnica e Extens\u00e3o Rural [&hellip;]<\/p>\n","protected":false},"author":9,"featured_media":10073,"comment_status":"closed","ping_status":"closed","sticky":false,"template":"","format":"standard","meta":[],"categories":[10,9,12],"tags":[99,222,607,45],"_links":{"self":[{"href":"http:\/\/www.emater.ro.gov.br\/ematerro\/wp-json\/wp\/v2\/posts\/10071"}],"collection":[{"href":"http:\/\/www.emater.ro.gov.br\/ematerro\/wp-json\/wp\/v2\/posts"}],"about":[{"href":"http:\/\/www.emater.ro.gov.br\/ematerro\/wp-json\/wp\/v2\/types\/post"}],"author":[{"embeddable":true,"href":"http:\/\/www.emater.ro.gov.br\/ematerro\/wp-json\/wp\/v2\/users\/9"}],"replies":[{"embeddable":true,"href":"http:\/\/www.emater.ro.gov.br\/ematerro\/wp-json\/wp\/v2\/comments?post=10071"}],"version-history":[{"count":3,"href":"http:\/\/www.emater.ro.gov.br\/ematerro\/wp-json\/wp\/v2\/posts\/10071\/revisions"}],"predecessor-version":[{"id":10083,"href":"http:\/\/www.emater.ro.gov.br\/ematerro\/wp-json\/wp\/v2\/posts\/10071\/revisions\/10083"}],"wp:featuredmedia":[{"embeddable":true,"href":"http:\/\/www.emater.ro.gov.br\/ematerro\/wp-json\/wp\/v2\/media\/10073"}],"wp:attachment":[{"href":"http:\/\/www.emater.ro.gov.br\/ematerro\/wp-json\/wp\/v2\/media?parent=10071"}],"wp:term":[{"taxonomy":"category","embeddable":true,"href":"http:\/\/www.emater.ro.gov.br\/ematerro\/wp-json\/wp\/v2\/categories?post=10071"},{"taxonomy":"post_tag","embeddable":true,"href":"http:\/\/www.emater.ro.gov.br\/ematerro\/wp-json\/wp\/v2\/tags?post=10071"}],"curies":[{"name":"wp","href":"https:\/\/api.w.org\/{rel}","templated":true}]}}